{"id":1233,"date":"2024-04-22T15:24:10","date_gmt":"2024-04-22T18:24:10","guid":{"rendered":"https:\/\/www.orbeconsultores.com\/pulso-ambiental\/?p=1233"},"modified":"2024-04-22T15:24:15","modified_gmt":"2024-04-22T18:24:15","slug":"pdte-boric-inaugurara-la-tercera-reunion-de-la-conferencia-de-las-partes-del-acuerdo-de-escazu","status":"publish","type":"post","link":"https:\/\/www.orbeconsultores.com\/pulso-ambiental\/2024\/04\/22\/pdte-boric-inaugurara-la-tercera-reunion-de-la-conferencia-de-las-partes-del-acuerdo-de-escazu\/","title":{"rendered":"Pdte. Boric inaugurar\u00e1 la Tercera reuni\u00f3n de la Conferencia de las Partes del Acuerdo de Escaz\u00fa"},"content":{"rendered":"\t\t<div data-elementor-type=\"wp-post\" data-elementor-id=\"1233\" class=\"elementor elementor-1233\">\n\t\t\t\t\t\t\t<div class=\"elementor-element elementor-element-2865ef24 e-flex e-con-boxed e-con e-parent\" data-id=\"2865ef24\" data-element_type=\"container\" data-settings=\"{&quot;content_width&quot;:&quot;boxed&quot;}\" data-core-v316-plus=\"true\">\n\t\t\t\t\t<div class=\"e-con-inner\">\n\t\t\t\t<div class=\"elementor-element elementor-element-3a8c89eb elementor-widget elementor-widget-text-editor\" data-id=\"3a8c89eb\" data-element_type=\"widget\" data-widget_type=\"text-editor.default\">\n\t\t\t\t<div class=\"elementor-widget-container\">\n\t\t\t<style>\/*! elementor - v3.18.0 - 20-12-2023 *\/\n.elementor-widget-text-editor.elementor-drop-cap-view-stacked .elementor-drop-cap{background-color:#69727d;color:#fff}.elementor-widget-text-editor.elementor-drop-cap-view-framed .elementor-drop-cap{color:#69727d;border:3px solid;background-color:transparent}.elementor-widget-text-editor:not(.elementor-drop-cap-view-default) .elementor-drop-cap{margin-top:8px}.elementor-widget-text-editor:not(.elementor-drop-cap-view-default) .elementor-drop-cap-letter{width:1em;height:1em}.elementor-widget-text-editor .elementor-drop-cap{float:left;text-align:center;line-height:1;font-size:50px}.elementor-widget-text-editor .elementor-drop-cap-letter{display:inline-block}<\/style>\t\t\t\t<!-- wp:paragraph -->\n<p>Este lunes en la sede central de la CEPAL en Santiago, el presidente <strong>Gabriel Boric <\/strong>encabezar\u00e1 la apertura de la tercera reuni\u00f3n de la Conferencia de las Partes (COP 3) del Acuerdo de Escaz\u00fa.<\/p>\n<p>&nbsp;<\/p>\n<!-- \/wp:paragraph -->\n\n<!-- wp:paragraph -->\n<p>El prop\u00f3sito de esta reuni\u00f3n ser\u00e1 examinar y aprobar el Plan de Acci\u00f3n sobre Defensores y Defensoras de Derechos Humanos en Asuntos Ambientales, desarrollado mediante un proceso participativo dirigido por el Grupo de Trabajo ad hoc conformado por Chile, Ecuador y Saint Kitts and Nevis.<\/p>\n<p>&nbsp;<\/p>\n<!-- \/wp:paragraph -->\n\n<!-- wp:paragraph -->\n<p>Asimismo, durante el encuentro, que se prolongar\u00e1 hasta el 24 de abril, se presentar\u00e1n informes de la Secretar\u00eda, la Mesa Directiva, el Comit\u00e9 de Apoyo a la Aplicaci\u00f3n y el Cumplimiento, as\u00ed como hojas de ruta para la implementaci\u00f3n a nivel nacional. Tambi\u00e9n se abordar\u00e1n cualquier otro tema que las partes consideren pertinente.<\/p>\n<p>&nbsp;<\/p>\n<!-- \/wp:paragraph -->\n\n<!-- wp:paragraph -->\n<p>Adem\u00e1s, del 22 al 26 de abril se llevar\u00e1n a cabo sesiones especiales y reuniones en conmemoraci\u00f3n del D\u00eda Internacional de la Madre Tierra, donde se discutir\u00e1n asuntos como la generaci\u00f3n de informaci\u00f3n ambiental, la participaci\u00f3n p\u00fablica en procesos de evaluaci\u00f3n ambiental, el acceso a la justicia y la integraci\u00f3n de la perspectiva de g\u00e9nero en la implementaci\u00f3n del acuerdo, entre otros temas.<\/p>\n<p>&nbsp;<\/p>\n<!-- \/wp:paragraph -->\n\n<!-- wp:paragraph -->\n<p>\u00bfDe qu\u00e9 se trata el Acuerdo de Escaz\u00fa? Puedes revisar nuestras propia nota <a href=\"https:\/\/www.orbeconsultores.com\/pulso-ambiental\/2024\/03\/20\/que-es-el-acuerdo-de-escazu-lanzan-sitio-web-explicando-el-nuevo-tratado\/\">aqu\u00ed<\/a><\/p>\n<p>&nbsp;<\/p>\n<p><center><blockquote class=\"twitter-tweet\"><p lang=\"es\" dir=\"ltr\">Presidente <a href=\"https:\/\/twitter.com\/GabrielBoric?ref_src=twsrc%5Etfw\" target=\"_blank\" rel=\"noopener\">@GabrielBoric<\/a> particip\u00f3 en la inauguraci\u00f3n de la Tercera Reuni\u00f3n de la Conferencia de las Partes del <a href=\"https:\/\/twitter.com\/hashtag\/AcuerdoDeEscaz%C3%BA?src=hash&amp;ref_src=twsrc%5Etfw\" target=\"_blank\" rel=\"noopener\">#AcuerdoDeEscaz\u00fa<\/a>, junto a <a href=\"https:\/\/twitter.com\/Maisa_Rojas?ref_src=twsrc%5Etfw\" target=\"_blank\" rel=\"noopener\">@Maisa_Rojas<\/a>, <a href=\"https:\/\/twitter.com\/LuisCorderoVega?ref_src=twsrc%5Etfw\" target=\"_blank\" rel=\"noopener\">@LuisCorderoVega<\/a>, <a href=\"https:\/\/twitter.com\/tvalenzuelavt?ref_src=twsrc%5Etfw\" target=\"_blank\" rel=\"noopener\">@TValenzuelaVT<\/a> y <a href=\"https:\/\/twitter.com\/max_proano?ref_src=twsrc%5Etfw\" target=\"_blank\" rel=\"noopener\">@max_proano<\/a> en la sede de la <a href=\"https:\/\/twitter.com\/cepal_onu?ref_src=twsrc%5Etfw\" target=\"_blank\" rel=\"noopener\">@cepal_onu<\/a> en Santiago. <a href=\"https:\/\/t.co\/mY7hVOE2FV\" target=\"_blank\">pic.twitter.com\/mY7hVOE2FV<\/a><\/p>&mdash; Presidencia de Chile (@Presidencia_cl) <a href=\"https:\/\/twitter.com\/Presidencia_cl\/status\/1782466821469221281?ref_src=twsrc%5Etfw\" target=\"_blank\" rel=\"noopener\">April 22, 2024<\/a><\/blockquote> <script async src=\"https:\/\/platform.twitter.com\/widgets.js\" charset=\"utf-8\"><\/script><\/center><\/p>\n<!-- \/wp:paragraph -->\n\n<!-- wp:paragraph -->\n<p>&nbsp;<\/p>\n<!-- \/wp:paragraph -->\n\n<!-- wp:paragraph -->\n<p>Fuente: <a href=\"https:\/\/www.cnnchile.com\/pais\/presidente-boric-inaugurara-tercera-reunion-conferencia-partes-acuerdo-escazu_20240422\/\" target=\"_blank\" rel=\"noopener\">CNN<\/a><\/p>\n<!-- \/wp:paragraph -->\t\t\t\t\t\t<\/div>\n\t\t\t\t<\/div>\n\t\t\t\t\t<\/div>\n\t\t\t\t<\/div>\n\t\t\t\t\t\t\t<\/div>\n\t\t","protected":false},"excerpt":{"rendered":"<p>Este lunes en la sede central de la CEPAL en Santiago, el presidente Gabriel Boric encabezar\u00e1 la apertura de la tercera reuni\u00f3n de la Conferencia de las Partes (COP 3) del Acuerdo de Escaz\u00fa. &nbsp; El prop\u00f3sito de esta reuni\u00f3n ser\u00e1 examinar y aprobar el Plan de Acci\u00f3n sobre Defensores y Defensoras de Derechos Humanos [&hellip;]<\/p>\n","protected":false},"author":4,"featured_media":1237,"comment_status":"open","ping_status":"open","sticky":false,"template":"","format":"standard","meta":{"footnotes":""},"categories":[51],"tags":[187,188,60],"class_list":["post-1233","post","type-post","status-publish","format-standard","has-post-thumbnail","hentry","category-pulso-ambiental","tag-conferencia-de-las-partes","tag-cop-3","tag-gabriel-boric"],"_links":{"self":[{"href":"https:\/\/www.orbeconsultores.com\/pulso-ambiental\/wp-json\/wp\/v2\/posts\/1233","targetHints":{"allow":["GET"]}}],"collection":[{"href":"https:\/\/www.orbeconsultores.com\/pulso-ambiental\/wp-json\/wp\/v2\/posts"}],"about":[{"href":"https:\/\/www.orbeconsultores.com\/pulso-ambiental\/wp-json\/wp\/v2\/types\/post"}],"author":[{"embeddable":true,"href":"https:\/\/www.orbeconsultores.com\/pulso-ambiental\/wp-json\/wp\/v2\/users\/4"}],"replies":[{"embeddable":true,"href":"https:\/\/www.orbeconsultores.com\/pulso-ambiental\/wp-json\/wp\/v2\/comments?post=1233"}],"version-history":[{"count":9,"href":"https:\/\/www.orbeconsultores.com\/pulso-ambiental\/wp-json\/wp\/v2\/posts\/1233\/revisions"}],"predecessor-version":[{"id":1243,"href":"https:\/\/www.orbeconsultores.com\/pulso-ambiental\/wp-json\/wp\/v2\/posts\/1233\/revisions\/1243"}],"wp:featuredmedia":[{"embeddable":true,"href":"https:\/\/www.orbeconsultores.com\/pulso-ambiental\/wp-json\/wp\/v2\/media\/1237"}],"wp:attachment":[{"href":"https:\/\/www.orbeconsultores.com\/pulso-ambiental\/wp-json\/wp\/v2\/media?parent=1233"}],"wp:term":[{"taxonomy":"category","embeddable":true,"href":"https:\/\/www.orbeconsultores.com\/pulso-ambiental\/wp-json\/wp\/v2\/categories?post=1233"},{"taxonomy":"post_tag","embeddable":true,"href":"https:\/\/www.orbeconsultores.com\/pulso-ambiental\/wp-json\/wp\/v2\/tags?post=1233"}],"curies":[{"name":"wp","href":"https:\/\/api.w.org\/{rel}","templated":true}]}}