{"id":1285,"date":"2024-05-07T17:05:29","date_gmt":"2024-05-07T20:05:29","guid":{"rendered":"https:\/\/www.orbeconsultores.com\/pulso-ambiental\/?p=1285"},"modified":"2024-05-07T17:06:09","modified_gmt":"2024-05-07T20:06:09","slug":"nuevo-decreto-urbanistico-integrara-ley-de-gestion-de-residuos-simplificara-permisos-de-edificacion-y-definicion-de-establecimientos-industriales","status":"publish","type":"post","link":"https:\/\/www.orbeconsultores.com\/pulso-ambiental\/2024\/05\/07\/nuevo-decreto-urbanistico-integrara-ley-de-gestion-de-residuos-simplificara-permisos-de-edificacion-y-definicion-de-establecimientos-industriales\/","title":{"rendered":"Nuevo Decreto Urban\u00edstico Integrar\u00e1 Ley de Gesti\u00f3n de Residuos, simplificar\u00e1 Permisos de Edificaci\u00f3n y Definici\u00f3n de Establecimientos Industriales"},"content":{"rendered":"\t\t<div data-elementor-type=\"wp-post\" data-elementor-id=\"1285\" class=\"elementor elementor-1285\">\n\t\t\t\t\t\t\t<div class=\"elementor-element elementor-element-65e3ea1 e-flex e-con-boxed e-con e-parent\" data-id=\"65e3ea1\" data-element_type=\"container\" data-settings=\"{&quot;content_width&quot;:&quot;boxed&quot;}\" data-core-v316-plus=\"true\">\n\t\t\t\t\t<div class=\"e-con-inner\">\n\t\t\t\t<div class=\"elementor-element elementor-element-70461639 elementor-widget elementor-widget-text-editor\" data-id=\"70461639\" data-element_type=\"widget\" data-widget_type=\"text-editor.default\">\n\t\t\t\t<div class=\"elementor-widget-container\">\n\t\t\t<style>\/*! elementor - v3.18.0 - 20-12-2023 *\/\n.elementor-widget-text-editor.elementor-drop-cap-view-stacked .elementor-drop-cap{background-color:#69727d;color:#fff}.elementor-widget-text-editor.elementor-drop-cap-view-framed .elementor-drop-cap{color:#69727d;border:3px solid;background-color:transparent}.elementor-widget-text-editor:not(.elementor-drop-cap-view-default) .elementor-drop-cap{margin-top:8px}.elementor-widget-text-editor:not(.elementor-drop-cap-view-default) .elementor-drop-cap-letter{width:1em;height:1em}.elementor-widget-text-editor .elementor-drop-cap{float:left;text-align:center;line-height:1;font-size:50px}.elementor-widget-text-editor .elementor-drop-cap-letter{display:inline-block}<\/style>\t\t\t\t<!-- wp:paragraph -->\n<p>El pasado 16 de abril, fue publicado en el Diario Oficial, el Decreto Supremo N\u00b022\/2023 del Ministerio de Vivienda y Urbanismo, que modifica \u00a0el DS N\u00b0 47, de 1992, que aprob\u00f3 la\u00a0<strong>Ordenanza General de Urbanismo y Construcciones<\/strong>, en el sentido de actualizar sus normas a las disposiciones de la Ley N\u00ba 20.920 (Ley REP), que establece marco para la gesti\u00f3n de residuos, la responsabilidad extendida del productor y fomento al reciclaje.\u00a0<\/p>\n<p>\u00a0<\/p>\n<!-- \/wp:paragraph --><!-- wp:paragraph -->\n<p>Las modificaciones se refieren principalmente a dos temas: a la regulaci\u00f3n de un procedimiento simplificado para la obtenci\u00f3n de permisos de edificaci\u00f3n para Instalaciones de Recepci\u00f3n y Almacenamiento (IRAs) de residuos de productos prioritarios; y a la definici\u00f3n de los tipos de establecimientos que se considerar\u00e1n como establecimientos industriales.\u00a0<\/p>\n<p>\u00a0<\/p>\n<p>\u00a0<\/p>\n<!-- \/wp:paragraph --><!-- wp:paragraph -->\n<p>Esto \u00faltimo resulta de gran relevancia ya que permite tener claridad de quienes ser\u00e1n considerados como consumidores industriales en el contexto de la Ley REP y, con esto, identificar quienes podr\u00e1n valorizar residuos de productos prioritarios por s\u00ed mismos, valorizaci\u00f3n que podr\u00e1 contar para el cumplimiento de metas en las condiciones que determinen los respectivos decretos.\u00a0<\/p>\n<p>\u00a0<\/p>\n<!-- \/wp:paragraph --><!-- wp:paragraph -->\n<p>Cabe recordar que los productos prioritarios establecidos por la Ley REP son neum\u00e1ticos, envases y embalajes, aceites lubricantes, aparatos el\u00e9ctricos y electr\u00f3nicos, pilas y bater\u00edas, cuyas metas de recolecci\u00f3n y valorizaci\u00f3n y otras obligaciones asociadas son establecidas mediante decretos supremos.\u00a0<\/p>\n<p>\u00a0<\/p>\n<p>Fuente: <a href=\"https:\/\/mma.gob.cl\/ley-rep-se-aprueban-modificaciones-a-la-ordenanza-general-de-urbanismo-y-construcciones\/\" target=\"_blank\" rel=\"noopener\">Ministerio del Medio Ambiente<\/a><\/p>\n<!-- \/wp:paragraph -->\t\t\t\t\t\t<\/div>\n\t\t\t\t<\/div>\n\t\t\t\t\t<\/div>\n\t\t\t\t<\/div>\n\t\t\t\t\t\t\t<\/div>\n\t\t","protected":false},"excerpt":{"rendered":"<p>El pasado 16 de abril, fue publicado en el Diario Oficial, el Decreto Supremo N\u00b022\/2023 del Ministerio de Vivienda y Urbanismo, que modifica \u00a0el DS N\u00b0 47, de 1992, que aprob\u00f3 la\u00a0Ordenanza General de Urbanismo y Construcciones, en el sentido de actualizar sus normas a las disposiciones de la Ley N\u00ba 20.920 (Ley REP), que [&hellip;]<\/p>\n","protected":false},"author":4,"featured_media":1288,"comment_status":"open","ping_status":"open","sticky":false,"template":"","format":"standard","meta":{"footnotes":""},"categories":[51,1],"tags":[202,203,24,204,201],"class_list":["post-1285","post","type-post","status-publish","format-standard","has-post-thumbnail","hentry","category-pulso-ambiental","category-sin-categoria","tag-ley-rep","tag-ministerio-de-vivienda-y-urbanismo","tag-ministerio-del-medio-ambiente","tag-mma","tag-reciclaje"],"_links":{"self":[{"href":"https:\/\/www.orbeconsultores.com\/pulso-ambiental\/wp-json\/wp\/v2\/posts\/1285","targetHints":{"allow":["GET"]}}],"collection":[{"href":"https:\/\/www.orbeconsultores.com\/pulso-ambiental\/wp-json\/wp\/v2\/posts"}],"about":[{"href":"https:\/\/www.orbeconsultores.com\/pulso-ambiental\/wp-json\/wp\/v2\/types\/post"}],"author":[{"embeddable":true,"href":"https:\/\/www.orbeconsultores.com\/pulso-ambiental\/wp-json\/wp\/v2\/users\/4"}],"replies":[{"embeddable":true,"href":"https:\/\/www.orbeconsultores.com\/pulso-ambiental\/wp-json\/wp\/v2\/comments?post=1285"}],"version-history":[{"count":5,"href":"https:\/\/www.orbeconsultores.com\/pulso-ambiental\/wp-json\/wp\/v2\/posts\/1285\/revisions"}],"predecessor-version":[{"id":1291,"href":"https:\/\/www.orbeconsultores.com\/pulso-ambiental\/wp-json\/wp\/v2\/posts\/1285\/revisions\/1291"}],"wp:featuredmedia":[{"embeddable":true,"href":"https:\/\/www.orbeconsultores.com\/pulso-ambiental\/wp-json\/wp\/v2\/media\/1288"}],"wp:attachment":[{"href":"https:\/\/www.orbeconsultores.com\/pulso-ambiental\/wp-json\/wp\/v2\/media?parent=1285"}],"wp:term":[{"taxonomy":"category","embeddable":true,"href":"https:\/\/www.orbeconsultores.com\/pulso-ambiental\/wp-json\/wp\/v2\/categories?post=1285"},{"taxonomy":"post_tag","embeddable":true,"href":"https:\/\/www.orbeconsultores.com\/pulso-ambiental\/wp-json\/wp\/v2\/tags?post=1285"}],"curies":[{"name":"wp","href":"https:\/\/api.w.org\/{rel}","templated":true}]}}