{"id":1320,"date":"2024-05-22T17:05:49","date_gmt":"2024-05-22T20:05:49","guid":{"rendered":"https:\/\/www.orbeconsultores.com\/pulso-ambiental\/?p=1320"},"modified":"2024-05-23T10:20:44","modified_gmt":"2024-05-23T13:20:44","slug":"area-de-comunidades-de-orbe-como-vincularse-con-el-medio-humano-en-medio-de-un-conflicto-medioambiental","status":"publish","type":"post","link":"https:\/\/www.orbeconsultores.com\/pulso-ambiental\/2024\/05\/22\/area-de-comunidades-de-orbe-como-vincularse-con-el-medio-humano-en-medio-de-un-conflicto-medioambiental\/","title":{"rendered":"\u00c1rea de Comunidades de ORBE: \u00bfC\u00f3mo vincularse con el medio humano en un conflicto medioambiental?"},"content":{"rendered":"\t\t<div data-elementor-type=\"wp-post\" data-elementor-id=\"1320\" class=\"elementor elementor-1320\">\n\t\t\t\t\t\t\t<div class=\"elementor-element elementor-element-7bf15212 e-flex e-con-boxed e-con e-parent\" data-id=\"7bf15212\" data-element_type=\"container\" data-settings=\"{&quot;content_width&quot;:&quot;boxed&quot;}\" data-core-v316-plus=\"true\">\n\t\t\t\t\t<div class=\"e-con-inner\">\n\t\t\t\t<div class=\"elementor-element elementor-element-32eafde9 elementor-widget elementor-widget-text-editor\" data-id=\"32eafde9\" data-element_type=\"widget\" data-widget_type=\"text-editor.default\">\n\t\t\t\t<div class=\"elementor-widget-container\">\n\t\t\t<style>\/*! elementor - v3.18.0 - 20-12-2023 *\/\n.elementor-widget-text-editor.elementor-drop-cap-view-stacked .elementor-drop-cap{background-color:#69727d;color:#fff}.elementor-widget-text-editor.elementor-drop-cap-view-framed .elementor-drop-cap{color:#69727d;border:3px solid;background-color:transparent}.elementor-widget-text-editor:not(.elementor-drop-cap-view-default) .elementor-drop-cap{margin-top:8px}.elementor-widget-text-editor:not(.elementor-drop-cap-view-default) .elementor-drop-cap-letter{width:1em;height:1em}.elementor-widget-text-editor .elementor-drop-cap{float:left;text-align:center;line-height:1;font-size:50px}.elementor-widget-text-editor .elementor-drop-cap-letter{display:inline-block}<\/style>\t\t\t\t<!-- wp:paragraph -->\n<p><img fetchpriority=\"high\" decoding=\"async\" class=\"alignleft size-full wp-image-1325\" src=\"https:\/\/www.orbeconsultores.com\/pulso-ambiental\/wp-content\/uploads\/2024\/05\/j_luco.jpg\" alt=\"\" width=\"256\" height=\"256\" srcset=\"https:\/\/www.orbeconsultores.com\/pulso-ambiental\/wp-content\/uploads\/2024\/05\/j_luco.jpg 256w, https:\/\/www.orbeconsultores.com\/pulso-ambiental\/wp-content\/uploads\/2024\/05\/j_luco-150x150.jpg 150w\" sizes=\"(max-width: 256px) 100vw, 256px\" \/>El \u00e1rea de Comunidades trabaja en la gesti\u00f3n del v\u00ednculo entre las empresas, el Estado y la comunidad, en un escenario a nivel pa\u00eds, que dice que los conflictos socioambientales se han multiplicado y extendido a lo largo y ancho del territorio nacional en los \u00faltimos a\u00f1os.<\/p>\n<p>\u00a0<\/p>\n<!-- \/wp:paragraph --><!-- wp:paragraph -->\n<p>\u00bfC\u00f3mo podemos vincularnos con el medio humano en medio de uno de estos conflictos socioambientales? <strong>Javiera Luco<\/strong>, jefa del \u00c1rea de Comunidades, nos cuenta sobre las t\u00e9cnicas que est\u00e1n llevando a cabo con su equipo, para poder relacionarse con la ciudadan\u00eda, que pareciera estar m\u00e1s informada y empoderada que en el pasado.<\/p>\n<p>\u00a0<\/p>\n<!-- \/wp:paragraph --><!-- wp:paragraph -->\n<p>&#8220;Nuestra misi\u00f3n es poder evaluar potenciales impactos sobre \u00abLos sistemas de vidas y costumbres de los grupos humanos\u00bb. En general, nuestro trabajo tiene que ver con estudios de impacto ambiental, pero tambi\u00e9n generamos estrategias sociales de acuerdos de compromisos para viabilizar los proyectos\u201d.<\/p>\n<p>\u00a0<\/p>\n<!-- \/wp:paragraph --><!-- wp:paragraph -->\n<p>Seg\u00fan Javiera, en primera instancia se genera una l\u00ednea base de informaci\u00f3n, donde se hace una \u201ccaracterizaci\u00f3n de sistema de vidas y costumbres de los grupos humanos. Ah\u00ed buscamos levantar la informaci\u00f3n sobre el proyecto, donde est\u00e1 ubicado, de que tipo es y como este podr\u00eda afectar a los grupos humanos.\u201d<\/p>\n<p>\u00a0<\/p>\n<!-- \/wp:paragraph --><!-- wp:paragraph -->\n<p>\u201cPero para eso, nosotros debemos sacar una foto de c\u00f3mo era la situaci\u00f3n en el lugar antes de ejecutar un proyecto\u201d indica Javiera Luco, indicando acciones como:<\/p>\n<p>\u00a0<\/p>\n<!-- \/wp:paragraph --><!-- wp:list -->\n<ul><!-- wp:list-item -->\n<li>Como se comportan socioecon\u00f3micamente<\/li>\n<!-- \/wp:list-item --><!-- wp:list-item -->\n<li>Donde trabaja<\/li>\n<!-- \/wp:list-item --><!-- wp:list-item -->\n<li>\u00bfHay hospitales?<\/li>\n<!-- \/wp:list-item --><!-- wp:list-item -->\n<li>\u00bfHay costumbres y festividades?<\/li>\n<!-- \/wp:list-item --><!-- wp:list-item -->\n<li>\u00bfCu\u00e1ntos hombres y mujeres hay?<\/li>\n<!-- \/wp:list-item --><\/ul>\n<p>\u00a0<\/p>\n<!-- \/wp:list --><!-- wp:paragraph -->\n<p>\u201cPara saber esa informaci\u00f3n, hacemos una investigaci\u00f3n previa, consultando en informes como <strong>los CENSOS o los PLADECOS<\/strong>, pero para saber m\u00e1s detalles, estamos en terreno conociendo a las personas. Generalmente hacemos viajes etnogr\u00e1ficos, donde conversamos con la gente y tambi\u00e9n identificamos lugares comunes como hospitales, colegios, bombas de bomberos, etc.\u201d<\/p>\n<p>\u00a0<\/p>\n<!-- \/wp:paragraph --><!-- wp:paragraph -->\n<p>Junto con eso, Javiera indica que actualmente no trabajan directamente con un entre gubernamental directo aparte del SEA, pero que a nivel de informaci\u00f3n se apoyan en entes como la CONADI (Corporaci\u00f3n Nacional de Desarrollo Ind\u00edgena), para obtener datos sobre comunidades ind\u00edgenas que puedan estar ligados a las zonas donde est\u00e9n trabajando.<\/p>\n<p>\u00a0<\/p>\n<!-- \/wp:paragraph --><!-- wp:paragraph -->\n<p>\u201cPara conocer esta informaci\u00f3n hacemos entrevista a la misma gente para conocer estos datos, donde antiguamente hac\u00edamos 10 entrevistas, y ahora estamos haciendo alrededor de 50 entrevistas, todo para detallar m\u00e1s el levantamiento de informaci\u00f3n\u201d.<\/p>\n<p>\u00a0<\/p>\n<!-- \/wp:paragraph --><!-- wp:paragraph -->\n<p>Sin embargo, Javiera agrega que, en muchos casos no solo se requiere este tipo de informaci\u00f3n de caracterizaci\u00f3n para el proyecto, sino tambi\u00e9n que se llegue a ciertos acuerdos con los actores con una participaci\u00f3n de conciliadores como \u00e1rea.<\/p>\n<p>\u00a0<\/p>\n<!-- \/wp:paragraph --><!-- wp:paragraph -->\n<h3><strong>Participaci\u00f3n ciudadana y Acuerdo de Escaz\u00fa<\/strong><\/h3>\n<p>\u00a0<\/p>\n<!-- \/wp:paragraph --><!-- wp:paragraph -->\n<p>\u201cYo llevo 20 a\u00f1os trabajando con el medio humano, y la cosa ha cambiado much\u00edsimo y est\u00e1 m\u00e1s complicado porque la ciudadan\u00eda tiene cada vez m\u00e1s informaci\u00f3n y est\u00e1 cada vez m\u00e1s empoderada\u201d dice Javiera Luco.<\/p>\n<p>\u00a0<\/p>\n<!-- \/wp:paragraph --><!-- wp:paragraph -->\n<p>Sin embargo, Javiera indica que la estrategia principal del \u00e1rea es reconocer a los <em>stakeholders<\/em> o partes interesadas y trabajar a la par con ellos, pero que tambi\u00e9n \u201ccon una herramienta como el <em><strong>Acuerdo de Escaz\u00fa<\/strong><\/em>, se pone en evidencia lo que est\u00e1 cayendo por su propio peso: <strong>los proyectos requieren una informaci\u00f3n previa y la participaci\u00f3n ciudadana temprana<\/strong>, donde se incentive a la participaci\u00f3n de los ciudadanos\u201d.<\/p>\n<p>\u00a0<\/p>\n<!-- \/wp:paragraph --><!-- wp:paragraph -->\n<p>El <strong>Acuerdo de Escaz\u00fa<\/strong> es el primer tratado sobre protecci\u00f3n ambiental de Am\u00e9rica Latina y el Caribe y el \u00fanico en el mundo que protege a las personas defensoras del medio ambiente, garantizando la participaci\u00f3n significativa de todas las personas interesadas en los procesos de toma de decisiones ambientales.<\/p>\n<p>\u00a0<\/p>\n<!-- \/wp:paragraph --><!-- wp:paragraph -->\n<p>Javiera Luco declara que \u201cmuchas veces los clientes no quieren generar bulla ni dar informaci\u00f3n sobre los proyectos, pero lo que se ha aprendido durante los a\u00f1os, que para el proyecto es mucho m\u00e1s beneficioso tener instancias previas informativas\u201d.<\/p>\n<p>\u00a0<\/p>\n<!-- \/wp:paragraph --><!-- wp:paragraph -->\n<h3><strong>Desaf\u00edos<\/strong><\/h3>\n<p>\u00a0<\/p>\n<!-- \/wp:paragraph --><!-- wp:paragraph -->\n<p>Javiera Luco, jefa del \u00e1rea de Comunidades de ORBE, indica que como desaf\u00edos para este a\u00f1o tienen dos: una pr\u00e1ctico y uno ambicioso.<\/p>\n<p>\u00a0<\/p>\n<!-- \/wp:paragraph --><!-- wp:paragraph -->\n<p>Como la cantidad de entrevistas ha aumentado y cada una puede llegar a durar 2 horas, Javiera nos cuenta que \u201cel \u00e1rea comenz\u00f3 a usar un software para transcribir y analizar las entrevistas que hacemos y as\u00ed poder visualizar la informaci\u00f3n necesaria de forma m\u00e1s r\u00e1pida\u201d<\/p>\n<p>\u00a0<\/p>\n<!-- \/wp:paragraph --><!-- wp:paragraph -->\n<p>Pero a nivel ambicioso, Javiera declara \u201cnuestro gran prop\u00f3sito del a\u00f1o para el \u00e1rea <strong>es buscar ser mediadores dentro de la ciudadan\u00eda<\/strong> y entrar al relacionamiento comunitario, para as\u00ed buscar resoluciones de conflictos entre la gente, y as\u00ed no solo ser evaluadores ambientales\u201d.<\/p>\n<p>\u00a0<\/p>\n<!-- \/wp:paragraph -->\t\t\t\t\t\t<\/div>\n\t\t\t\t<\/div>\n\t\t\t\t\t<\/div>\n\t\t\t\t<\/div>\n\t\t\t\t\t\t\t<\/div>\n\t\t","protected":false},"excerpt":{"rendered":"<p>El \u00e1rea de Comunidades trabaja en la gesti\u00f3n del v\u00ednculo entre las empresas, el Estado y la comunidad, en un escenario a nivel pa\u00eds, que dice que los conflictos socioambientales se han multiplicado y extendido a lo largo y ancho del territorio nacional en los \u00faltimos a\u00f1os. \u00a0 \u00bfC\u00f3mo podemos vincularnos con el medio humano [&hellip;]<\/p>\n","protected":false},"author":4,"featured_media":1329,"comment_status":"open","ping_status":"open","sticky":false,"template":"","format":"standard","meta":{"footnotes":""},"categories":[51],"tags":[140,215,214,217,216],"class_list":["post-1320","post","type-post","status-publish","format-standard","has-post-thumbnail","hentry","category-pulso-ambiental","tag-acuerdo-de-escazu","tag-comunidades","tag-javiera-luco","tag-orbe-consultores","tag-participacion-ciudadana-temprana"],"_links":{"self":[{"href":"https:\/\/www.orbeconsultores.com\/pulso-ambiental\/wp-json\/wp\/v2\/posts\/1320","targetHints":{"allow":["GET"]}}],"collection":[{"href":"https:\/\/www.orbeconsultores.com\/pulso-ambiental\/wp-json\/wp\/v2\/posts"}],"about":[{"href":"https:\/\/www.orbeconsultores.com\/pulso-ambiental\/wp-json\/wp\/v2\/types\/post"}],"author":[{"embeddable":true,"href":"https:\/\/www.orbeconsultores.com\/pulso-ambiental\/wp-json\/wp\/v2\/users\/4"}],"replies":[{"embeddable":true,"href":"https:\/\/www.orbeconsultores.com\/pulso-ambiental\/wp-json\/wp\/v2\/comments?post=1320"}],"version-history":[{"count":25,"href":"https:\/\/www.orbeconsultores.com\/pulso-ambiental\/wp-json\/wp\/v2\/posts\/1320\/revisions"}],"predecessor-version":[{"id":1347,"href":"https:\/\/www.orbeconsultores.com\/pulso-ambiental\/wp-json\/wp\/v2\/posts\/1320\/revisions\/1347"}],"wp:featuredmedia":[{"embeddable":true,"href":"https:\/\/www.orbeconsultores.com\/pulso-ambiental\/wp-json\/wp\/v2\/media\/1329"}],"wp:attachment":[{"href":"https:\/\/www.orbeconsultores.com\/pulso-ambiental\/wp-json\/wp\/v2\/media?parent=1320"}],"wp:term":[{"taxonomy":"category","embeddable":true,"href":"https:\/\/www.orbeconsultores.com\/pulso-ambiental\/wp-json\/wp\/v2\/categories?post=1320"},{"taxonomy":"post_tag","embeddable":true,"href":"https:\/\/www.orbeconsultores.com\/pulso-ambiental\/wp-json\/wp\/v2\/tags?post=1320"}],"curies":[{"name":"wp","href":"https:\/\/api.w.org\/{rel}","templated":true}]}}