{"id":1590,"date":"2024-07-29T13:44:51","date_gmt":"2024-07-29T16:44:51","guid":{"rendered":"https:\/\/www.orbeconsultores.com\/pulso-ambiental\/?p=1590"},"modified":"2024-07-29T16:31:25","modified_gmt":"2024-07-29T19:31:25","slug":"el-area-de-aire-y-emisiones-y-el-analisis-exhaustivo-de-la-calidad-del-aire-en-los-proyectos-medioambientales","status":"publish","type":"post","link":"https:\/\/www.orbeconsultores.com\/pulso-ambiental\/2024\/07\/29\/el-area-de-aire-y-emisiones-y-el-analisis-exhaustivo-de-la-calidad-del-aire-en-los-proyectos-medioambientales\/","title":{"rendered":"El \u00c1rea de Aire y Emisiones y el an\u00e1lisis exhaustivo de la calidad del aire en los proyectos medioambientales"},"content":{"rendered":"\t\t<div data-elementor-type=\"wp-post\" data-elementor-id=\"1590\" class=\"elementor elementor-1590\">\n\t\t\t\t\t\t\t<div class=\"elementor-element elementor-element-21b380f9 e-flex e-con-boxed e-con e-parent\" data-id=\"21b380f9\" data-element_type=\"container\" data-settings=\"{&quot;content_width&quot;:&quot;boxed&quot;}\" data-core-v316-plus=\"true\">\n\t\t\t\t\t<div class=\"e-con-inner\">\n\t\t\t\t<div class=\"elementor-element elementor-element-775ab9db elementor-widget elementor-widget-text-editor\" data-id=\"775ab9db\" data-element_type=\"widget\" data-widget_type=\"text-editor.default\">\n\t\t\t\t<div class=\"elementor-widget-container\">\n\t\t\t<style>\/*! elementor - v3.18.0 - 20-12-2023 *\/\n.elementor-widget-text-editor.elementor-drop-cap-view-stacked .elementor-drop-cap{background-color:#69727d;color:#fff}.elementor-widget-text-editor.elementor-drop-cap-view-framed .elementor-drop-cap{color:#69727d;border:3px solid;background-color:transparent}.elementor-widget-text-editor:not(.elementor-drop-cap-view-default) .elementor-drop-cap{margin-top:8px}.elementor-widget-text-editor:not(.elementor-drop-cap-view-default) .elementor-drop-cap-letter{width:1em;height:1em}.elementor-widget-text-editor .elementor-drop-cap{float:left;text-align:center;line-height:1;font-size:50px}.elementor-widget-text-editor .elementor-drop-cap-letter{display:inline-block}<\/style>\t\t\t\t<!-- wp:paragraph -->\n<p><img decoding=\"async\" class=\"alignleft wp-image-1626 \" src=\"https:\/\/www.orbeconsultores.com\/pulso-ambiental\/wp-content\/uploads\/2024\/07\/manuel-vera-300x300.png\" alt=\"\" width=\"211\" height=\"211\" srcset=\"https:\/\/www.orbeconsultores.com\/pulso-ambiental\/wp-content\/uploads\/2024\/07\/manuel-vera-300x300.png 300w, https:\/\/www.orbeconsultores.com\/pulso-ambiental\/wp-content\/uploads\/2024\/07\/manuel-vera-150x150.png 150w, https:\/\/www.orbeconsultores.com\/pulso-ambiental\/wp-content\/uploads\/2024\/07\/manuel-vera.png 500w\" sizes=\"(max-width: 211px) 100vw, 211px\" \/>Una de nuestras \u00e1reas m\u00e1s innovadoras, es el \u00e1rea de Aire y Emisiones, que lleva a cabo el estudio de un elemento muy importante para la vida normal de un ser humano, pero quiz\u00e1 rezagado para un proyecto medioambiental, sin embargo, como consultor\u00eda nos damos cuenta que todas las aristas y posibles elementos que podr\u00edan tener un impacto para el ser humano en un proyecto, son realmente importantes.<\/p>\n<p>\u00a0<\/p>\n<!-- \/wp:paragraph --><!-- wp:paragraph -->\n<p>Manuel Vera, Ingeniero Ambiental magister en Ingenier\u00eda Ambiental, es nuevo en el equipo de <strong>ORBE<\/strong>, y en su llegada, uno de los desaf\u00edos que se le ha propuesto es tomar el cargo de Jefe de Proyecto, en donde esclarece que su &#8220;integraci\u00f3n al grupo de ORBE ha sido muy buena, ya que me he sentido bienvenido y he podido adaptarme r\u00e1pidamente al equipo y lo proyectos en curso.&#8221;<\/p>\n<p>\u00a0<\/p>\n<!-- \/wp:paragraph --><!-- wp:paragraph -->\n<p>Sin embargo, Manuel tambi\u00e9n es Jefe del \u00c1rea de Aire y Emisiones, donde nos pudo conversar acerca del trabajo que se est\u00e1 haciendo y de los desaf\u00edos que tienen para este semestre del a\u00f1o.<\/p>\n<p>\u00a0<\/p>\n<!-- \/wp:paragraph --><!-- wp:paragraph -->\n<p><strong>\u00bfQu\u00e9 es lo que se hace previo y durante la ejecuci\u00f3n de un proyecto Medioambiental en el \u00e1rea de Aire y Emisiones?<\/strong><\/p>\n<p>\u00a0<\/p>\n<!-- \/wp:paragraph --><!-- wp:paragraph -->\n<p>Cuando un surge proyecto que requiere un estudio de calidad de aire, el cliente nos transmite el requerimiento y as\u00ed tomamos conocimiento de la ubicaci\u00f3n del proyecto, de las estaciones de monitoreo de calidad del aire que puede haber a sus alrededores, y en calidad de esos monitoreos, armamos una estad\u00edstica que concluye en como se encuentra la calidad del aire. Esa es nuestra primera l\u00ednea base. Pero siempre esperamos el input del jefe del proyecto para saber si es necesaria nuestra presencia.<\/p>\n<p>\u00a0<\/p>\n<!-- \/wp:paragraph --><!-- wp:paragraph -->\n<p><strong>\u00bfCu\u00e1les son las estrategias <\/strong><strong>m\u00e1s efectivas para mejorar la calidad del aire en entornos industriales, urbanos y rurales?<\/strong><\/p>\n<p>\u00a0<\/p>\n<!-- \/wp:paragraph --><!-- wp:paragraph -->\n<p>Hacer un an\u00e1lisis estad\u00edstico, y as\u00ed determinar si el \u00e1rea del proyecto se encuentra con un plan de prevenci\u00f3n y descontaminaci\u00f3n atmosf\u00e9rica (PPDA), ya que este plan le establece a las empresas un l\u00edmite de emisiones y nosotros debemos regirnos por eso.<\/p>\n<p>\u00a0<\/p>\n<!-- \/wp:paragraph --><!-- wp:paragraph -->\n<p>Cuando no existen un plan activo, nosotros tomamos los registros de la empresa y se cruza con la normativa de emisiones, para determinar la calidad del aire, y en funci\u00f3n de la normativa, hacemos el an\u00e1lisis porcentual.<\/p>\n<p>\u00a0<\/p>\n<!-- \/wp:paragraph --><!-- wp:paragraph -->\n<h4 style=\"text-align: center;\"><strong><em>Los Planes de Prevenci\u00f3n y\/o Descontaminaci\u00f3n Atmosf\u00e9rica (PPDA), seg\u00fan el Ministerio del Medioambiente, son instrumentos de gesti\u00f3n ambiental, que, a trav\u00e9s de la definici\u00f3n e implementaci\u00f3n de medidas y acciones espec\u00edficas, tiene por finalidad reducir los niveles de contaminaci\u00f3n del aire, con el objeto de resguardar la salud de la poblaci\u00f3n.<\/em><\/strong><\/h4>\n<p>\u00a0<\/p>\n<!-- \/wp:paragraph --><!-- wp:paragraph -->\n<p><strong>\u00bfQu\u00e9 pol\u00edticas y regulaciones existen para controlar las emisiones y mejorar la calidad del aire en estos sectores?<\/strong><\/p>\n<p>\u00a0<\/p>\n<!-- \/wp:paragraph --><!-- wp:paragraph -->\n<p>Nosotros en el \u00e1rea trabajamos bajo el alero legal de la Ley 19.300, ya que esa ley gatilla si un proyecto ingreso o no al Servicio de Evaluaci\u00f3n Ambiental como una gu\u00eda o un estudio, y esos dos \u201cproductos\u201d, ya sea una gu\u00eda o un producto, contienen un an\u00e1lisis de calidad de aire.<\/p>\n<p>\u00a0<\/p>\n<!-- \/wp:paragraph --><!-- wp:paragraph -->\n<p>Las particularidades del proyecto te van determinando cuales normativas utilizar, pero, de todas formas, si queremos hablar en t\u00e9rminos generales, las normativas con las que trabajamos son: Normativas del Material particulado 2,10 o 2,5, Los PPDA, normativas de Mon\u00f3xido de Carbono\/NOX.<\/p>\n<p>\u00a0<\/p>\n<!-- \/wp:paragraph --><!-- wp:paragraph -->\n<h4 style=\"text-align: center;\"><strong><em>La Ley 19.300, tambi\u00e9n conocida como Ley de Bases Generales del Medio Ambiente en Chile, establece el marco legal para la protecci\u00f3n y conservaci\u00f3n del medio ambiente en el pa\u00eds. Esta ley tiene como objetivos principales la protecci\u00f3n del Medioambiente, Evaluaci\u00f3n de Impacto Ambiental, Participaci\u00f3n Ciudadana y la Conservaci\u00f3n de Recursos Naturales.<\/em><\/strong><\/h4>\n<p>\u00a0<\/p>\n<!-- \/wp:paragraph --><!-- wp:paragraph -->\n<p>Esas normativas se activan para la ejecuci\u00f3n de nuestra l\u00ednea base bajo los est\u00e1ndares del Servicio de Evaluaci\u00f3n Ambiental, pero tambi\u00e9n trabajamos con el Ministerio del Medioambiente, quienes validan los planes de compensaci\u00f3n.<\/p>\n<p>\u00a0<\/p>\n<!-- \/wp:paragraph --><!-- wp:paragraph -->\n<p><strong>\u00bfC\u00f3mo se relaciona la calidad del aire con el cambio clim\u00e1tico?<\/strong><\/p>\n<p>\u00a0<\/p>\n<!-- \/wp:paragraph --><!-- wp:paragraph -->\n<p>El cambio clim\u00e1tico es muy insipiente como tema. De hecho, hay una gu\u00eda de Cambio Clim\u00e1tico que gener\u00f3 el SEIA, que determina la forma de evaluar la calidad del aire y las emisiones tienen una vinculaci\u00f3n directa o indirecta con el Cambio Clim\u00e1tico.<\/p>\n<p>\u00a0<\/p>\n<!-- \/wp:paragraph --><!-- wp:paragraph -->\n<p><strong>\u00bfSe est\u00e1 haciendo hace relativamente poco?<\/strong><\/p>\n<p>\u00a0<\/p>\n<!-- \/wp:paragraph --><!-- wp:paragraph -->\n<p>Claro, porque la gu\u00eda fue lanzada durante el a\u00f1o 2023 y nosotros estamos partiendo de alguna manera la estructura de trabajo que tiene esta gu\u00eda. Hay consultoras que lo determinan de una u otra manera, pero la gu\u00eda contiene pasos que se deben cumplir y ver el v\u00ednculo que tengan con cada uno de los componentes ambientales y en este caso con la calidad de aire. Nosotros en <strong>ORBE<\/strong> ya estamos evaluando de esa forma.<\/p>\n<p>\u00a0<\/p>\n<!-- \/wp:paragraph --><!-- wp:paragraph -->\n<p><strong>La siguiente frase, \u00bfQu\u00e9 opini\u00f3n le compete?: \u201cEl aire limpio es un derecho humano que no se puede ver por el smog\u201d. \u00bfEs realmente as\u00ed?<\/strong><\/p>\n<p>\u00a0<\/p>\n<!-- \/wp:paragraph --><!-- wp:paragraph -->\n<p>Estoy totalmente de acuerdo con lo que se dice, pero me detengo a hacer la distinci\u00f3n que en las grandes ciudades que tienen esta mancha en el cielo, porque si vas al sur del pa\u00eds, esa mancha no se ve, se ve todo verde y generalmente eso es lo que llama a la gente a vacacionar en esos lugares.<\/p>\n<p>\u00a0<\/p>\n<!-- \/wp:paragraph --><!-- wp:paragraph -->\n<p>Estoy de acuerdo, pero tambi\u00e9n tiene que ver con la forma en la que se est\u00e1n ordenando las ciudades, la sobrepoblaci\u00f3n y, por cierto, tambi\u00e9n la cantidad de transportes y veh\u00edculos, tambi\u00e9n tiene que ver con las industrias que se est\u00e1n generando constantemente, y eso incide directamente.<\/p>\n<p>\u00a0<\/p>\n<!-- \/wp:paragraph --><!-- wp:paragraph -->\n<p>Por ejemplo, los PPDA, se van decretando en las ciudades, como por ejemplo en Santiago, Temuco, Puerto Montt, y eso habla porque esas grandes ciudades tienen gran cantidad de emisiones, junto las particularidades de aquellas ciudades, como por ejemplo en Temuco que todav\u00eda se usa mucho las chimeneas.<\/p>\n<p>\u00a0<\/p>\n<!-- \/wp:paragraph --><!-- wp:paragraph -->\n<p><strong>\u00bfDesaf\u00edos para este 2024 o nuevas herramientas, actividades o formas de trabajos que est\u00e9n implementando en el \u00e1rea?<\/strong><\/p>\n<p>\u00a0<\/p>\n<!-- \/wp:paragraph --><!-- wp:paragraph -->\n<p>Lo que me interesar\u00eda a mi como desaf\u00edo para este a\u00f1o, ser\u00eda diversificar los servicios del \u00e1rea, y as\u00ed comenzar a hacer m\u00e1s cosas relacionadas a las emisiones, ya que hoy hacemos evaluaciones ambientales, planes de compensaci\u00f3n, se est\u00e1 intentando a trav\u00e9s de la huella de carbono hacer una medici\u00f3n, por ese lado ser\u00eda diversificar ese servicio para incorporar nuevas acciones y nuevos proyectos.<\/p>\n<p>\u00a0<\/p>\n<!-- \/wp:paragraph --><!-- wp:paragraph -->\n<p>En ese sentido, al incorporar servicios nuevos, tambi\u00e9n se incorpora mayor conocimiento y experiencia al \u00e1rea, con eso nuestro grupo de trabajo podr\u00eda ir creciendo con mayores servicios y m\u00e1s diversos.<\/p>\n<p>\u00a0<\/p>\n<!-- \/wp:paragraph --><!-- wp:paragraph -->\n<p>Pero tambi\u00e9n a nivel interno, me gustar\u00eda que pudi\u00e9ramos estandarizar los procesos de trabajo, e intentar hacerlo de la misma manera, a tal nivel de que hasta los documentos sean m\u00e1s eficientes.<\/p>\n<p>\u00a0<\/p>\n<!-- \/wp:paragraph --><!-- wp:paragraph -->\n<p><strong>Y como jefe de Proyectos, \u00bfC\u00f3mo ve la ejecuci\u00f3n de los proyectos en ORBE y sus respectivos desaf\u00edos?<\/strong><\/p>\n<p>\u00a0<\/p>\n<!-- \/wp:paragraph --><!-- wp:paragraph -->\n<p>Ahora mismo te puedo contar que como jefe de proyecto estoy trabajando directamente en una planta de Residuos en Puerto Montt, y eso para poder construirse estamos trabajando en los estudios y los permisos.<\/p>\n<p>\u00a0<\/p>\n<p>Pero tambi\u00e9n como jefe de proyecto, me gustar\u00eda recalcar que nuestro objetivo es reforzar la estructura de la venta y empresarial del proyecto, ya que tenemos una posible debilidad en esos temas. Tal como en el \u00e1rea de emisiones, en cada uno de los proyectos deber\u00edamos generar que los procesos sean m\u00e1s eficientes.<\/p>\n<p>\u00a0<\/p>\n<p>Tambi\u00e9n tener como prop\u00f3sito abrir m\u00e1s nuestro mercado, lo cual ya estamos haciendo y est\u00e1n bastante interesantes los proyectos en los que estamos vinculados, pero como desaf\u00edo, me gustar\u00eda que pudi\u00e9ramos consolidarnos en proyectos de car\u00e1cter minero o energ\u00e9tico<\/p>\n<!-- \/wp:paragraph -->\t\t\t\t\t\t<\/div>\n\t\t\t\t<\/div>\n\t\t\t\t\t<\/div>\n\t\t\t\t<\/div>\n\t\t\t\t\t\t\t<\/div>\n\t\t","protected":false},"excerpt":{"rendered":"<p>Una de nuestras \u00e1reas m\u00e1s innovadoras, es el \u00e1rea de Aire y Emisiones, que lleva a cabo el estudio de un elemento muy importante para la vida normal de un ser humano, pero quiz\u00e1 rezagado para un proyecto medioambiental, sin embargo, como consultor\u00eda nos damos cuenta que todas las aristas y posibles elementos que podr\u00edan [&hellip;]<\/p>\n","protected":false},"author":4,"featured_media":1599,"comment_status":"open","ping_status":"open","sticky":false,"template":"","format":"standard","meta":{"footnotes":""},"categories":[51],"tags":[258,260,263,262,261],"class_list":["post-1590","post","type-post","status-publish","format-standard","has-post-thumbnail","hentry","category-pulso-ambiental","tag-aire-y-emisiones","tag-emisiones","tag-manuel-vera","tag-monoxido-de-carbono","tag-nox"],"_links":{"self":[{"href":"https:\/\/www.orbeconsultores.com\/pulso-ambiental\/wp-json\/wp\/v2\/posts\/1590","targetHints":{"allow":["GET"]}}],"collection":[{"href":"https:\/\/www.orbeconsultores.com\/pulso-ambiental\/wp-json\/wp\/v2\/posts"}],"about":[{"href":"https:\/\/www.orbeconsultores.com\/pulso-ambiental\/wp-json\/wp\/v2\/types\/post"}],"author":[{"embeddable":true,"href":"https:\/\/www.orbeconsultores.com\/pulso-ambiental\/wp-json\/wp\/v2\/users\/4"}],"replies":[{"embeddable":true,"href":"https:\/\/www.orbeconsultores.com\/pulso-ambiental\/wp-json\/wp\/v2\/comments?post=1590"}],"version-history":[{"count":36,"href":"https:\/\/www.orbeconsultores.com\/pulso-ambiental\/wp-json\/wp\/v2\/posts\/1590\/revisions"}],"predecessor-version":[{"id":1629,"href":"https:\/\/www.orbeconsultores.com\/pulso-ambiental\/wp-json\/wp\/v2\/posts\/1590\/revisions\/1629"}],"wp:featuredmedia":[{"embeddable":true,"href":"https:\/\/www.orbeconsultores.com\/pulso-ambiental\/wp-json\/wp\/v2\/media\/1599"}],"wp:attachment":[{"href":"https:\/\/www.orbeconsultores.com\/pulso-ambiental\/wp-json\/wp\/v2\/media?parent=1590"}],"wp:term":[{"taxonomy":"category","embeddable":true,"href":"https:\/\/www.orbeconsultores.com\/pulso-ambiental\/wp-json\/wp\/v2\/categories?post=1590"},{"taxonomy":"post_tag","embeddable":true,"href":"https:\/\/www.orbeconsultores.com\/pulso-ambiental\/wp-json\/wp\/v2\/tags?post=1590"}],"curies":[{"name":"wp","href":"https:\/\/api.w.org\/{rel}","templated":true}]}}