{"id":1779,"date":"2024-09-24T12:34:55","date_gmt":"2024-09-24T15:34:55","guid":{"rendered":"https:\/\/www.orbeconsultores.com\/pulso-ambiental\/?p=1779"},"modified":"2024-09-24T12:34:56","modified_gmt":"2024-09-24T15:34:56","slug":"ministerio-del-medio-ambiente-anuncio-nueva-regulacion-para-niveles-de-dioxido-de-nitrogeno-no2","status":"publish","type":"post","link":"https:\/\/www.orbeconsultores.com\/pulso-ambiental\/2024\/09\/24\/ministerio-del-medio-ambiente-anuncio-nueva-regulacion-para-niveles-de-dioxido-de-nitrogeno-no2\/","title":{"rendered":"Ministerio del Medio Ambiente anunci\u00f3 nueva regulaci\u00f3n para niveles de di\u00f3xido de nitr\u00f3geno (NO2)"},"content":{"rendered":"<div class=\"wp-block-image\">\n<figure class=\"alignright size-large is-resized\"><img fetchpriority=\"high\" decoding=\"async\" width=\"1024\" height=\"696\" src=\"https:\/\/www.orbeconsultores.com\/pulso-ambiental\/wp-content\/uploads\/2024\/09\/391_Compensaciones_Verdes_01_2000-1-1024x696.jpg\" alt=\"\" class=\"wp-image-1793\" style=\"width:485px;height:auto\" srcset=\"https:\/\/www.orbeconsultores.com\/pulso-ambiental\/wp-content\/uploads\/2024\/09\/391_Compensaciones_Verdes_01_2000-1-1024x696.jpg 1024w, https:\/\/www.orbeconsultores.com\/pulso-ambiental\/wp-content\/uploads\/2024\/09\/391_Compensaciones_Verdes_01_2000-1-300x204.jpg 300w, https:\/\/www.orbeconsultores.com\/pulso-ambiental\/wp-content\/uploads\/2024\/09\/391_Compensaciones_Verdes_01_2000-1-768x522.jpg 768w, https:\/\/www.orbeconsultores.com\/pulso-ambiental\/wp-content\/uploads\/2024\/09\/391_Compensaciones_Verdes_01_2000-1-1536x1044.jpg 1536w, https:\/\/www.orbeconsultores.com\/pulso-ambiental\/wp-content\/uploads\/2024\/09\/391_Compensaciones_Verdes_01_2000-1-675x459.jpg 675w, https:\/\/www.orbeconsultores.com\/pulso-ambiental\/wp-content\/uploads\/2024\/09\/391_Compensaciones_Verdes_01_2000-1-1400x952.jpg 1400w, https:\/\/www.orbeconsultores.com\/pulso-ambiental\/wp-content\/uploads\/2024\/09\/391_Compensaciones_Verdes_01_2000-1-1920x1306.jpg 1920w, https:\/\/www.orbeconsultores.com\/pulso-ambiental\/wp-content\/uploads\/2024\/09\/391_Compensaciones_Verdes_01_2000-1.jpg 2000w\" sizes=\"(max-width: 1024px) 100vw, 1024px\" \/><\/figure>\n<\/div>\n\n\n<p>En un esfuerzo por resguardar la salud p\u00fablica y mejorar la calidad del aire, el <strong>Ministerio del Medio Ambiente<\/strong> ha revisado la <em>normativa<\/em> sobre la<strong> calidad del aire<\/strong> respecto al <strong><em>di\u00f3xido de nitr\u00f3geno (NO2)<\/em><\/strong>, adoptando <strong>par\u00e1metros m\u00e1s estrictos<\/strong> que se alinean con las recomendaciones internacionales m\u00e1s exigentes, como las sugeridas por la <strong><em>Organizaci\u00f3n Mundial de la Salud (OMS)<\/em><\/strong>. <\/p>\n\n\n\n<p><strong>Este<\/strong> <strong>gas<\/strong> es especialmente peligroso para el <strong>sistema respiratorio<\/strong>, y estudios han demostrado que la exposici\u00f3n prolongada est\u00e1 relacionada con un aumento de s\u00edntomas de bronquitis en ni\u00f1os asm\u00e1ticos, adem\u00e1s de un deterioro en el desarrollo de la funci\u00f3n pulmonar.<\/p>\n\n\n\n<p>Pero, el <strong>NO2<\/strong> no s\u00f3lo afecta a la salud humana de manera directa, sino que tambi\u00e9n tiene <strong>repercusiones ambientales graves<\/strong>, ya que en combinaci\u00f3n con compuestos org\u00e1nicos vol\u00e1tiles y la luz solar, contribuye a la formaci\u00f3n de <strong>ozono<\/strong>, y junto con el agua, genera <strong>\u00e1cido n\u00edtrico y nitratos<\/strong>, que son responsables de la <strong>lluvia \u00e1cida<\/strong>. Adem\u00e1s, incrementa los niveles de part\u00edculas finas en el aire, como el MP10 y MP2,5, que agravan la <strong>contaminaci\u00f3n atmosf\u00e9rica<\/strong> y sus consecuencias en la salud.<\/p>\n\n\n\n<p>La actualizaci\u00f3n, publicada en el <strong>Diario Oficial<\/strong>, establece una reducci\u00f3n en los l\u00edmites de concentraci\u00f3n permitidos para una hora, que pasan de <strong>400 a 200 microgramos por metro c\u00fabico (\u00b5g\/m\u00b3)<\/strong>, siguiendo las recomendaciones de la<strong> OMS<\/strong> de 2021. Por primera vez, tambi\u00e9n se introduce un l\u00edmite para la concentraci\u00f3n en 24 horas, fijado en <strong>100 \u00b5g\/m\u00b3<\/strong>, en l\u00ednea con los niveles intermedios sugeridos por la OMS. A nivel anual, el valor m\u00e1ximo se ha reducido de <strong>100 a 40 \u00b5g\/m\u00b3<\/strong>, equipar\u00e1ndose con los est\u00e1ndares europeos y el <strong>nivel intermedio 1<\/strong> de la OMS.<\/p>\n\n\n\n<p>Conscientes de los <strong>efectos agudos <\/strong>que puede generar la exposici\u00f3n a este contaminante, la nueva normativa incluye una reducci\u00f3n del 65% en los <strong>niveles de emergencia<\/strong>, medidos en concentraciones horarias. Esto, busca proteger a la poblaci\u00f3n de peaks de contaminaci\u00f3n peligrosos, estableciendo categor\u00edas como Alerta (500-799 \u00b5g\/m\u00b3), Preemergencia (800-1399 \u00b5g\/m\u00b3) y Emergencia (1400 \u00b5g\/m\u00b3 o superior). Esta medida representa un avance significativo en la <strong>regulaci\u00f3n ambiental del pa\u00eds <\/strong>y un paso firme hacia la protecci\u00f3n de la salud y el <strong>medio ambiente.<\/strong><\/p>\n\n\n\n<p><\/p>\n\n\n\n<p><em>Fuente: <a href=\"https:\/\/mma.gob.cl\/ministerio-del-medio-ambiente-publica-actualizacion-de-norma-para-dioxido-de-nitrogeno-no2-avanzamos-hacia-un-aire-mas-limpio\/\" target=\"_blank\" rel=\"noopener\">MMA<\/a><\/em><\/p>\n\n\n\n<p><\/p>\n","protected":false},"excerpt":{"rendered":"<p>En un esfuerzo por resguardar la salud p\u00fablica y mejorar la calidad del aire, el Ministerio del Medio Ambiente ha revisado la normativa sobre la calidad del aire respecto al di\u00f3xido de nitr\u00f3geno (NO2), adoptando par\u00e1metros m\u00e1s estrictos que se alinean con las recomendaciones internacionales m\u00e1s exigentes, como las sugeridas por la Organizaci\u00f3n Mundial de [&hellip;]<\/p>\n","protected":false},"author":5,"featured_media":1790,"comment_status":"open","ping_status":"open","sticky":false,"template":"","format":"standard","meta":{"footnotes":""},"categories":[51],"tags":[287,120,19,292,293,24,291,294],"class_list":["post-1779","post","type-post","status-publish","format-standard","has-post-thumbnail","hentry","category-pulso-ambiental","tag-calidad-del-aire","tag-cambio-climatico","tag-chile","tag-contaminacion","tag-lluvia-acida","tag-ministerio-del-medio-ambiente","tag-no2","tag-oms"],"_links":{"self":[{"href":"https:\/\/www.orbeconsultores.com\/pulso-ambiental\/wp-json\/wp\/v2\/posts\/1779","targetHints":{"allow":["GET"]}}],"collection":[{"href":"https:\/\/www.orbeconsultores.com\/pulso-ambiental\/wp-json\/wp\/v2\/posts"}],"about":[{"href":"https:\/\/www.orbeconsultores.com\/pulso-ambiental\/wp-json\/wp\/v2\/types\/post"}],"author":[{"embeddable":true,"href":"https:\/\/www.orbeconsultores.com\/pulso-ambiental\/wp-json\/wp\/v2\/users\/5"}],"replies":[{"embeddable":true,"href":"https:\/\/www.orbeconsultores.com\/pulso-ambiental\/wp-json\/wp\/v2\/comments?post=1779"}],"version-history":[{"count":13,"href":"https:\/\/www.orbeconsultores.com\/pulso-ambiental\/wp-json\/wp\/v2\/posts\/1779\/revisions"}],"predecessor-version":[{"id":1795,"href":"https:\/\/www.orbeconsultores.com\/pulso-ambiental\/wp-json\/wp\/v2\/posts\/1779\/revisions\/1795"}],"wp:featuredmedia":[{"embeddable":true,"href":"https:\/\/www.orbeconsultores.com\/pulso-ambiental\/wp-json\/wp\/v2\/media\/1790"}],"wp:attachment":[{"href":"https:\/\/www.orbeconsultores.com\/pulso-ambiental\/wp-json\/wp\/v2\/media?parent=1779"}],"wp:term":[{"taxonomy":"category","embeddable":true,"href":"https:\/\/www.orbeconsultores.com\/pulso-ambiental\/wp-json\/wp\/v2\/categories?post=1779"},{"taxonomy":"post_tag","embeddable":true,"href":"https:\/\/www.orbeconsultores.com\/pulso-ambiental\/wp-json\/wp\/v2\/tags?post=1779"}],"curies":[{"name":"wp","href":"https:\/\/api.w.org\/{rel}","templated":true}]}}