{"id":1796,"date":"2024-09-30T12:53:09","date_gmt":"2024-09-30T15:53:09","guid":{"rendered":"https:\/\/www.orbeconsultores.com\/pulso-ambiental\/?p=1796"},"modified":"2024-09-30T12:57:29","modified_gmt":"2024-09-30T15:57:29","slug":"constitucion-voluntarios-retiraron-500-kilos-de-basura-en-exitosa-jornada-de-limpieza-de-playas","status":"publish","type":"post","link":"https:\/\/www.orbeconsultores.com\/pulso-ambiental\/2024\/09\/30\/constitucion-voluntarios-retiraron-500-kilos-de-basura-en-exitosa-jornada-de-limpieza-de-playas\/","title":{"rendered":"Constituci\u00f3n: Voluntarios retiraron 500 kilos de basura en exitosa jornada de limpieza de playas"},"content":{"rendered":"<div class=\"wp-block-image\">\n<figure class=\"alignright size-large is-resized\"><img fetchpriority=\"high\" decoding=\"async\" width=\"1024\" height=\"749\" src=\"https:\/\/www.orbeconsultores.com\/pulso-ambiental\/wp-content\/uploads\/2024\/09\/PLAYMAULE2-1280x936-2-1024x749.jpeg\" alt=\"\" class=\"wp-image-1813\" style=\"width:540px;height:auto\" srcset=\"https:\/\/www.orbeconsultores.com\/pulso-ambiental\/wp-content\/uploads\/2024\/09\/PLAYMAULE2-1280x936-2-1024x749.jpeg 1024w, https:\/\/www.orbeconsultores.com\/pulso-ambiental\/wp-content\/uploads\/2024\/09\/PLAYMAULE2-1280x936-2-300x219.jpeg 300w, https:\/\/www.orbeconsultores.com\/pulso-ambiental\/wp-content\/uploads\/2024\/09\/PLAYMAULE2-1280x936-2-768x562.jpeg 768w, https:\/\/www.orbeconsultores.com\/pulso-ambiental\/wp-content\/uploads\/2024\/09\/PLAYMAULE2-1280x936-2-675x494.jpeg 675w, https:\/\/www.orbeconsultores.com\/pulso-ambiental\/wp-content\/uploads\/2024\/09\/PLAYMAULE2-1280x936-2.jpeg 1280w\" sizes=\"(max-width: 1024px) 100vw, 1024px\" \/><\/figure>\n<\/div>\n\n\n<p>La ciudad de Constituci\u00f3n, conocida como la \u201cPerla del Maule\u201d, fue el escenario de una significativa <strong>jornada de limpieza de sus playas<\/strong>, donde m\u00e1s de cien voluntarios lograron recolectar <strong>500 kilos de residuos marinos<\/strong>, trat\u00e1ndose principalmente de desechos pl\u00e1sticos. <\/p>\n\n\n\n<p>La actividad, que se desarroll\u00f3 en la <strong>playa Los Gringos y en Vega Los Patos<\/strong>, tuvo como objetivo no s\u00f3lo la <strong>protecci\u00f3n del medio ambiente<\/strong>, sino tambi\u00e9n la concientizaci\u00f3n de la poblaci\u00f3n sobre el impacto de la contaminaci\u00f3n en los litorales.<\/p>\n\n\n\n<p>La Seremi del Medio Ambiente del Maule, Daniela de La Jara, junto al Capit\u00e1n de Puerto de Constituci\u00f3n, Rodrigo Ovando S\u00e1nchez, lideraron esta iniciativa en el marco del <strong>D\u00eda Internacional de Limpieza de Playas y Costas<\/strong>, una efem\u00e9ride que se celebra en m\u00e1s de 120 pa\u00edses. Tambi\u00e9n estuvieron presentes autoridades locales y profesionales de la Municipalidad de Constituci\u00f3n, quienes destacaron la importancia de estos operativos en la protecci\u00f3n del ecosistema marino.<\/p>\n\n\n\n<p><strong>Impacto ambiental y concientizaci\u00f3n<\/strong><\/p>\n\n\n\n<p>La actividad fue una oportunidad para que vecinos, estudiantes y diversas organizaciones tomaran acci\u00f3n directa en la lucha contra la contaminaci\u00f3n por pl\u00e1sticos de un s\u00f3lo uso, una problem\u00e1tica que afecta gravemente a la biodiversidad marina. Durante la jornada, <strong>se recogieron bolsas y envases pl\u00e1sticos, colillas de cigarrillos, envoltorios de dulces, aparejos de pesca, micro pl\u00e1sticos y plumavit.<\/strong><\/p>\n\n\n\n<p>La Seremi de La Jara subray\u00f3 el preocupante volumen de residuos pl\u00e1sticos que terminan en el mar, enfatizando que muchos de ellos se descomponen en micro pl\u00e1sticos, afectando la fauna marina y, en \u00faltima instancia, la salud humana. <em><strong>\u201cEs fundamental que tomemos conciencia del impacto de estos elementos en la naturaleza y en nuestros oc\u00e9anos\u201d<\/strong><\/em>, se\u00f1al\u00f3.<\/p>\n\n\n\n<p>Por otra parte, el Capit\u00e1n de Puerto, Rodrigo Ovando, destac\u00f3 la participaci\u00f3n de la comunidad, especialmente de los m\u00e1s j\u00f3venes, manifestando que <strong><em>\u201cnos alegra ver a tantos colegios y jardines infantiles sum\u00e1ndose a esta causa. Tenemos un extenso litoral que debemos cuidar, y qu\u00e9 mejor que empezar a educar a los m\u00e1s peque\u00f1os para proteger nuestro mar\u201d.<\/em><\/strong><\/p>\n\n\n\n<p><strong>Preservando la biodiversidad<\/strong><\/p>\n\n\n\n<p>Con 4.700 kil\u00f3metros de costa, Chile es hogar de una rica <strong>biodiversidad marina que incluye invertebrados, peces, algas, corales, y mam\u00edferos como nutrias, lobos y cet\u00e1ceos.<\/strong> La limpieza de playas es crucial para mantener estos ecosistemas saludables, ya que muchos de estos desechos ponen en peligro la vida de las especies marinas.<\/p>\n\n\n\n<p>La jornada en Constituci\u00f3n fue un paso m\u00e1s hacia la <strong>conservaci\u00f3n de los ecosistemas marinos<\/strong> y un recordatorio de que la protecci\u00f3n del medio ambiente es una tarea que involucra a todos.<\/p>\n\n\n\n<p class=\"has-small-font-size\"><em>Fuente: <a href=\"https:\/\/mma.gob.cl\/voluntarios-recolectan-500-kilos-de-residuos-marinos-en-jornada-de-limpieza-de-playas-y-costas-en-constitucion\/\" data-type=\"link\" data-id=\"https:\/\/mma.gob.cl\/voluntarios-recolectan-500-kilos-de-residuos-marinos-en-jornada-de-limpieza-de-playas-y-costas-en-constitucion\/\" target=\"_blank\" rel=\"noopener\">MMA<\/a><\/em><\/p>\n\n\n\n<p><\/p>\n","protected":false},"excerpt":{"rendered":"<p>La ciudad de Constituci\u00f3n, conocida como la \u201cPerla del Maule\u201d, fue el escenario de una significativa jornada de limpieza de sus playas, donde m\u00e1s de cien voluntarios lograron recolectar 500 kilos de residuos marinos, trat\u00e1ndose principalmente de desechos pl\u00e1sticos. La actividad, que se desarroll\u00f3 en la playa Los Gringos y en Vega Los Patos, tuvo [&hellip;]<\/p>\n","protected":false},"author":5,"featured_media":1812,"comment_status":"open","ping_status":"open","sticky":false,"template":"","format":"standard","meta":{"footnotes":""},"categories":[51],"tags":[297,295,292,298,24,296],"class_list":["post-1796","post","type-post","status-publish","format-standard","has-post-thumbnail","hentry","category-pulso-ambiental","tag-biodiversidad-marina","tag-constitucion","tag-contaminacion","tag-dia-internacional-de-limpieza-de-playas-y-costas","tag-ministerio-del-medio-ambiente","tag-playas"],"_links":{"self":[{"href":"https:\/\/www.orbeconsultores.com\/pulso-ambiental\/wp-json\/wp\/v2\/posts\/1796","targetHints":{"allow":["GET"]}}],"collection":[{"href":"https:\/\/www.orbeconsultores.com\/pulso-ambiental\/wp-json\/wp\/v2\/posts"}],"about":[{"href":"https:\/\/www.orbeconsultores.com\/pulso-ambiental\/wp-json\/wp\/v2\/types\/post"}],"author":[{"embeddable":true,"href":"https:\/\/www.orbeconsultores.com\/pulso-ambiental\/wp-json\/wp\/v2\/users\/5"}],"replies":[{"embeddable":true,"href":"https:\/\/www.orbeconsultores.com\/pulso-ambiental\/wp-json\/wp\/v2\/comments?post=1796"}],"version-history":[{"count":14,"href":"https:\/\/www.orbeconsultores.com\/pulso-ambiental\/wp-json\/wp\/v2\/posts\/1796\/revisions"}],"predecessor-version":[{"id":1815,"href":"https:\/\/www.orbeconsultores.com\/pulso-ambiental\/wp-json\/wp\/v2\/posts\/1796\/revisions\/1815"}],"wp:featuredmedia":[{"embeddable":true,"href":"https:\/\/www.orbeconsultores.com\/pulso-ambiental\/wp-json\/wp\/v2\/media\/1812"}],"wp:attachment":[{"href":"https:\/\/www.orbeconsultores.com\/pulso-ambiental\/wp-json\/wp\/v2\/media?parent=1796"}],"wp:term":[{"taxonomy":"category","embeddable":true,"href":"https:\/\/www.orbeconsultores.com\/pulso-ambiental\/wp-json\/wp\/v2\/categories?post=1796"},{"taxonomy":"post_tag","embeddable":true,"href":"https:\/\/www.orbeconsultores.com\/pulso-ambiental\/wp-json\/wp\/v2\/tags?post=1796"}],"curies":[{"name":"wp","href":"https:\/\/api.w.org\/{rel}","templated":true}]}}