{"id":1864,"date":"2024-10-14T15:10:03","date_gmt":"2024-10-14T18:10:03","guid":{"rendered":"https:\/\/www.orbeconsultores.com\/pulso-ambiental\/?p=1864"},"modified":"2024-10-16T09:52:38","modified_gmt":"2024-10-16T12:52:38","slug":"el-area-de-paisaje-innovacion-y-desafios-en-la-conservacion-medioambiental-y-el-turismo","status":"publish","type":"post","link":"https:\/\/www.orbeconsultores.com\/pulso-ambiental\/2024\/10\/14\/el-area-de-paisaje-innovacion-y-desafios-en-la-conservacion-medioambiental-y-el-turismo\/","title":{"rendered":"El \u00c1rea de Paisaje: Innovaci\u00f3n y Desaf\u00edos en la Conservaci\u00f3n Medioambiental y el Turismo"},"content":{"rendered":"\t\t<div data-elementor-type=\"wp-post\" data-elementor-id=\"1864\" class=\"elementor elementor-1864\">\n\t\t\t\t\t\t\t<div class=\"elementor-element elementor-element-61d84d4b e-flex e-con-boxed e-con e-parent\" data-id=\"61d84d4b\" data-element_type=\"container\" data-settings=\"{&quot;content_width&quot;:&quot;boxed&quot;}\" data-core-v316-plus=\"true\">\n\t\t\t\t\t<div class=\"e-con-inner\">\n\t\t\t\t<div class=\"elementor-element elementor-element-16e82d22 elementor-widget elementor-widget-text-editor\" data-id=\"16e82d22\" data-element_type=\"widget\" data-widget_type=\"text-editor.default\">\n\t\t\t\t<div class=\"elementor-widget-container\">\n\t\t\t<style>\/*! elementor - v3.18.0 - 20-12-2023 *\/\n.elementor-widget-text-editor.elementor-drop-cap-view-stacked .elementor-drop-cap{background-color:#69727d;color:#fff}.elementor-widget-text-editor.elementor-drop-cap-view-framed .elementor-drop-cap{color:#69727d;border:3px solid;background-color:transparent}.elementor-widget-text-editor:not(.elementor-drop-cap-view-default) .elementor-drop-cap{margin-top:8px}.elementor-widget-text-editor:not(.elementor-drop-cap-view-default) .elementor-drop-cap-letter{width:1em;height:1em}.elementor-widget-text-editor .elementor-drop-cap{float:left;text-align:center;line-height:1;font-size:50px}.elementor-widget-text-editor .elementor-drop-cap-letter{display:inline-block}<\/style>\t\t\t\t<!-- wp:paragraph -->\n<p>Nuestra consultora, en el gran universo de \u00e1reas de estudio y especialidades que ostenta, hay una que es quiz\u00e1 de las m\u00e1s vanguardistas en cuanto a estudio medioambiental.<\/p>\n<p>\u00a0<\/p>\n<!-- \/wp:paragraph --><!-- wp:paragraph -->\n<p>El \u00c1rea de Paisaje, se enfoca en estudiar y abordar paisajes naturales y culturales para ofrecer soluciones de dise\u00f1o, restauraci\u00f3n, manejo y conservaci\u00f3n, realizando estudios de caracterizaci\u00f3n del paisaje, evaluaciones de impactos, y definen medidas ambientales para mitigar efectos sobre el valor paisaj\u00edstico, adem\u00e1s de desarrollar planes de seguimiento.<\/p>\n<p>\u00a0<\/p>\n<!-- \/wp:paragraph --><!-- wp:paragraph -->\n<p><img fetchpriority=\"high\" decoding=\"async\" class=\"alignleft size-full wp-image-1869\" src=\"https:\/\/www.orbeconsultores.com\/pulso-ambiental\/wp-content\/uploads\/2024\/10\/p_lavanderos.jpg\" alt=\"\" width=\"256\" height=\"256\" srcset=\"https:\/\/www.orbeconsultores.com\/pulso-ambiental\/wp-content\/uploads\/2024\/10\/p_lavanderos.jpg 256w, https:\/\/www.orbeconsultores.com\/pulso-ambiental\/wp-content\/uploads\/2024\/10\/p_lavanderos-150x150.jpg 150w\" sizes=\"(max-width: 256px) 100vw, 256px\" \/>Su jefa de \u00e1rea, Paola Lavanderos, quien es Ec\u00f3logo Paisajista, nos muestra su visi\u00f3n acerca del \u00e1rea y los desaf\u00edos que tienen como desarrollo del paisaje y turismo en los proyectos medioambientales.<\/p>\n<p>\u00a0<\/p>\n<!-- \/wp:paragraph --><!-- wp:paragraph -->\n<h4><strong>\u00bfQu\u00e9 es lo que se hace previamente en el \u00e1rea de Paisaje, previo a entrar a trabajar en un proyecto medioambiental?<\/strong><\/h4>\n<p>\u00a0<\/p>\n<!-- \/wp:paragraph --><!-- wp:paragraph -->\n<p>Estoy trabajando en ORBE hace algunos a\u00f1os y vengo desarrollando el inicio del \u00e1rea de Paisaje, para luego tambi\u00e9n agregar elementos como el Turismo dentro de la misma \u00e1rea.<\/p>\n<p>\u00a0<\/p>\n<!-- \/wp:paragraph --><!-- wp:paragraph -->\n<p>En esa historia del trabajo de <strong>ORBE<\/strong> y antiguamente en <strong>Andalue<\/strong>, han ido cambiando un poco las formas de enfrentar los estudios y espec\u00edficamente para Paisajes, ya que siempre analizamos el territorio en forma de <em>gabinete<\/em>, vi\u00e9ndolo desde una imagen m\u00e1s macro, m\u00e1s satelital, lo que va a suceder con el paisaje en el \u00e1rea donde va a existir una intervenci\u00f3n medioambiental y as\u00ed definir los primeros puntos de observaci\u00f3n que son los gatillantes para poder establecer o analizar un paisaje.<\/p>\n<!-- \/wp:paragraph --><!-- wp:paragraph -->\n<p>\u00a0<\/p>\n<p>Obtener siempre la observaci\u00f3n de los usuarios y de los que se ubican o se relacionan en el \u00e1rea del proyecto.<\/p>\n<p>\u00a0<\/p>\n<!-- \/wp:paragraph --><!-- wp:paragraph -->\n<p>(En primera instancia) siempre insisto en ir a terreno, hacer una bajada de lo que es el paisaje que uno ve desde la parte te\u00f3rica, ya que para la experiencia del \u00e1rea, <strong>es muy importante ver lo que sucede en terreno y estar all\u00e1 y observar y conversar con las personas que est\u00e1n mirando el espacio<\/strong>. Entonces para m\u00ed eso es una muy buena herramienta.<\/p>\n<p>\u00a0<\/p>\n<!-- \/wp:paragraph --><!-- wp:paragraph -->\n<h4><strong>\u00a0\u00bfCu\u00e1les son las herramientas que se usan para medir o determinar la calidad o el impacto del paisaje en un proyecto o el valor paisaj\u00edstico de los territorios<\/strong><strong>?<\/strong><\/h4>\n<p>\u00a0<\/p>\n<!-- \/wp:paragraph --><!-- wp:paragraph -->\n<p>Existen las metodolog\u00edas que hoy se usan, que son herramientas de valoraci\u00f3n en funci\u00f3n de cuadros asociados a los distintos atributos que tiene el paisaje.<\/p>\n<p>\u00a0<\/p>\n<!-- \/wp:paragraph --><!-- wp:paragraph -->\n<p>Se valora en funci\u00f3n de si tiene un tipo de relieve, tipo de vegetaci\u00f3n o\u00a0 fauna o textura, un grano, hay diferentes atributos que valoran el paisaje y definen qu\u00e9 calidad tiene ese paisaje.<\/p>\n<p>\u00a0<\/p>\n<!-- \/wp:paragraph --><!-- wp:paragraph -->\n<p>Entonces se hace esa evaluaci\u00f3n en terreno y luego esos atributos le dan una caracter\u00edstica al paisaje, lo cual se desarrollo en la l\u00ednea de base de la consultor\u00eda o en la caracterizaci\u00f3n de paisaje para poder determinar finalmente cu\u00e1l es el valor real que presenta el paisaje ante un proyecto medioambiental.<\/p>\n<p>\u00a0<\/p>\n<!-- \/wp:paragraph --><!-- wp:paragraph -->\n<p>Y eso se hace a trav\u00e9s de tablas de valoraci\u00f3n, de caracterizaciones y de un desarrollo de un modelo de visualizaci\u00f3n o visibilidad que tiene la herramienta o el programa ArcGIS, que tambi\u00e9n hay que aplicarlo para poder determinar el \u00e1rea de influencia que presenta el paisaje.<\/p>\n<p>\u00a0<\/p>\n<!-- \/wp:paragraph --><!-- wp:paragraph -->\n<blockquote>\n<h4 style=\"text-align: center;\"><strong>ArcGIS es una plataforma de sistemas de informaci\u00f3n geogr\u00e1fica (SIG) que permite visualizar, analizar y gestionar datos geoespaciales. En \u00e1reas de paisaje y turismo, ArcGIS se utiliza para:<\/strong><\/h4>\n<h4 style=\"text-align: center;\"><strong style=\"font-size: 16px;\">Mapear y analizar terrenos: Ayuda a identificar caracter\u00edsticas naturales, rutas y \u00e1reas protegidas.<\/strong><\/h4>\n<h4 style=\"text-align: center;\"><strong style=\"font-size: 16px;\">Planificaci\u00f3n tur\u00edstica: Permite gestionar y promover destinos tur\u00edsticos, optimizando rutas y recursos.<\/strong><\/h4>\n<h4 style=\"text-align: center;\"><strong style=\"font-size: 16px;\">Preservaci\u00f3n del paisaje: Facilita la evaluaci\u00f3n del impacto ambiental y la conservaci\u00f3n de paisajes naturales.<\/strong><\/h4>\n<\/blockquote>\n<p>\u00a0<\/p>\n<!-- \/wp:paragraph --><!-- wp:paragraph -->\n<h4><strong>\u00bfCon que entidades trabaja directamente el \u00e1rea de paisajes?<\/strong><\/h4>\n<p>\u00a0<\/p>\n<!-- \/wp:paragraph --><!-- wp:paragraph -->\n<p>Cuando a m\u00ed me toca hacer estudios m\u00e1s relacionados con turismo, yo\u00a0 siempre e intento comunicarme con la gente de las oficinas de turismo de cada una de las localidades, ya que ellos entregan informaci\u00f3n bastante valiosa para cuando tenemos que reunir los distintos atractivos que presenta un lugar. Tambi\u00e9n hablamos con los operadores tur\u00edsticos, que son tambi\u00e9n es una de las l\u00edneas de acci\u00f3n que uno toma para poder definir qu\u00e9 cantidad de turistas o poblaci\u00f3n ocupan estos atributos tur\u00edsticos.<\/p>\n<p>\u00a0<\/p>\n<!-- \/wp:paragraph --><!-- wp:paragraph -->\n<h4><strong>\u00bfQu\u00e9 vendr\u00eda siendo operadores tur\u00edsticos?<\/strong><\/h4>\n<p>\u00a0<\/p>\n<!-- \/wp:paragraph --><!-- wp:paragraph -->\n<p>Los operadores tur\u00edsticos son las personas que prestan servicios tur\u00edsticos, por ejemplo, las personas que tienen una residencial o un hotel o un servicio de restaurante. Esos son operadores tur\u00edsticos.<\/p>\n<p>\u00a0<\/p>\n<!-- \/wp:paragraph --><!-- wp:paragraph -->\n<p>(..) Bueno y a nivel de paisaje, se trabaja m\u00e1s con las personas, con los observadores que est\u00e1n en el lugar. Y las entidades p\u00fablicas donde podemos rescatar informaci\u00f3n como el <strong>Ministerio del Medio Ambiente<\/strong>, tomando coberturas que est\u00e1n establecidas en las distintas plataformas del SEA o del Ministerio.<\/p>\n<p>\u00a0<\/p>\n<!-- \/wp:paragraph --><!-- wp:paragraph -->\n<h4><strong>\u00bfC\u00f3mo se relaciona el \u00e1rea de Paisaje con otras \u00e1reas de la consultor\u00eda, como, por ejemplo: \u00bfForestal o Arqueolog\u00eda? \u00bfAlcanzan a relacionarse en alg\u00fan momento?<\/strong><\/h4>\n<p>\u00a0<\/p>\n<!-- \/wp:paragraph --><!-- wp:paragraph -->\n<p>S\u00ed, de todas maneras, yo, por ejemplo, necesito siempre un feedback de la gente que ha hecho el estudio de flora y vegetaci\u00f3n.<\/p>\n<p>\u00a0<\/p>\n<!-- \/wp:paragraph --><!-- wp:paragraph -->\n<p>Es s\u00faper importante fusionar la informaci\u00f3n que otras \u00e1rea puedan desarrollar, junto con la de nosotros, como por ejemplo el \u00e1rea de fauna, lo mismo con geomorfolog\u00eda. Trabajamos m\u00e1s con la informaci\u00f3n propia, pero tambi\u00e9n siempre es bueno y de mucha ayuda tener conversaciones con los otros especialistas, porque paisaje aborda una gran cantidad de componentes y valora esos componentes, entonces tiene que combinar la informaci\u00f3n que aparece en el estudio de paisaje, con el de flora y vegetaci\u00f3n, con el de fauna, con el de relieve, con el de medio humano tambi\u00e9n, viendo de repente los distintos observadores que uno puede encontrar en los espacios.<\/p>\n<p>\u00a0<\/p>\n<!-- \/wp:paragraph --><!-- wp:paragraph -->\n<blockquote>\n<p style=\"text-align: center;\"><strong>Paisaje eval\u00faa desde lo m\u00e1s macro y de manera general los distintos territorios.<\/strong><\/p>\n<\/blockquote>\n<p>\u00a0<\/p>\n<!-- \/wp:paragraph --><!-- wp:paragraph -->\n<h4><strong>\u00bfCu\u00e1les son los desaf\u00edos para el \u00e1rea?<\/strong><\/h4>\n<p>\u00a0<\/p>\n<!-- \/wp:paragraph --><!-- wp:paragraph -->\n<p>Lo que nosotros queremos para nuestra \u00e1rea en <strong>ORBE<\/strong>, es tomar una l\u00ednea un poco m\u00e1s concreta para poder ejecutar medidas ambientales asociadas al paisaje.<\/p>\n<p>\u00a0<\/p>\n<!-- \/wp:paragraph --><!-- wp:paragraph -->\n<p>Lo que podr\u00eda ser una nueva \u00e1rea en potencia, ya que a futuro estamos tratando de ir implementando dise\u00f1os asociados a medidas de compensaci\u00f3n de paisaje y tambi\u00e9n de otras \u00e1reas que podr\u00edan llegar a concretarse en el espacio y poder ayudar a resolver estos problemas que pueden aparecer por la llegada de nuevos proyectos.<\/p>\n<p>\u00a0<\/p>\n<!-- \/wp:paragraph --><!-- wp:paragraph -->\n<p>Entonces ser\u00eda una nueva \u00e1rea que se dedique a concretar obras paisaj\u00edsticas asociadas a medidas ambientales. Sabemos que es dif\u00edcil, ya que por lo general esto sucede posterior a la presentaci\u00f3n de los estudios, entonces con estos resultados de los estudios, nos gustar\u00eda poder llegar a concretarlos con estas obras en alg\u00fan proyecto y as\u00ed materializarlos.<\/p>\n<p>\u00a0<\/p>\n<!-- \/wp:paragraph --><!-- wp:paragraph -->\n<p>Tambi\u00e9n depende de la relaci\u00f3n que uno tenga con el mandante y que pidan hacer esa medida o llevarla a cabo. Entonces, ese es uno de los desaf\u00edos que ser\u00eda s\u00faper interesante hacer en un futuro cercano. Se entiende como el hecho de concretar medidas que sean construibles y que sean visibles con el paso del tiempo.<\/p>\n<p>\u00a0<\/p>\n<!-- \/wp:paragraph -->\t\t\t\t\t\t<\/div>\n\t\t\t\t<\/div>\n\t\t\t\t\t<\/div>\n\t\t\t\t<\/div>\n\t\t\t\t\t\t\t<\/div>\n\t\t","protected":false},"excerpt":{"rendered":"<p>Nuestra consultora, en el gran universo de \u00e1reas de estudio y especialidades que ostenta, hay una que es quiz\u00e1 de las m\u00e1s vanguardistas en cuanto a estudio medioambiental. \u00a0 El \u00c1rea de Paisaje, se enfoca en estudiar y abordar paisajes naturales y culturales para ofrecer soluciones de dise\u00f1o, restauraci\u00f3n, manejo y conservaci\u00f3n, realizando estudios de [&hellip;]<\/p>\n","protected":false},"author":4,"featured_media":1866,"comment_status":"open","ping_status":"open","sticky":false,"template":"","format":"standard","meta":{"footnotes":""},"categories":[51],"tags":[315,312,316,313,314],"class_list":["post-1864","post","type-post","status-publish","format-standard","has-post-thumbnail","hentry","category-pulso-ambiental","tag-ecologo-paisajista","tag-paisaje","tag-paisajismo","tag-paola-lavanderos","tag-turismo"],"_links":{"self":[{"href":"https:\/\/www.orbeconsultores.com\/pulso-ambiental\/wp-json\/wp\/v2\/posts\/1864","targetHints":{"allow":["GET"]}}],"collection":[{"href":"https:\/\/www.orbeconsultores.com\/pulso-ambiental\/wp-json\/wp\/v2\/posts"}],"about":[{"href":"https:\/\/www.orbeconsultores.com\/pulso-ambiental\/wp-json\/wp\/v2\/types\/post"}],"author":[{"embeddable":true,"href":"https:\/\/www.orbeconsultores.com\/pulso-ambiental\/wp-json\/wp\/v2\/users\/4"}],"replies":[{"embeddable":true,"href":"https:\/\/www.orbeconsultores.com\/pulso-ambiental\/wp-json\/wp\/v2\/comments?post=1864"}],"version-history":[{"count":63,"href":"https:\/\/www.orbeconsultores.com\/pulso-ambiental\/wp-json\/wp\/v2\/posts\/1864\/revisions"}],"predecessor-version":[{"id":1929,"href":"https:\/\/www.orbeconsultores.com\/pulso-ambiental\/wp-json\/wp\/v2\/posts\/1864\/revisions\/1929"}],"wp:featuredmedia":[{"embeddable":true,"href":"https:\/\/www.orbeconsultores.com\/pulso-ambiental\/wp-json\/wp\/v2\/media\/1866"}],"wp:attachment":[{"href":"https:\/\/www.orbeconsultores.com\/pulso-ambiental\/wp-json\/wp\/v2\/media?parent=1864"}],"wp:term":[{"taxonomy":"category","embeddable":true,"href":"https:\/\/www.orbeconsultores.com\/pulso-ambiental\/wp-json\/wp\/v2\/categories?post=1864"},{"taxonomy":"post_tag","embeddable":true,"href":"https:\/\/www.orbeconsultores.com\/pulso-ambiental\/wp-json\/wp\/v2\/tags?post=1864"}],"curies":[{"name":"wp","href":"https:\/\/api.w.org\/{rel}","templated":true}]}}