{"id":1976,"date":"2024-11-04T09:28:24","date_gmt":"2024-11-04T12:28:24","guid":{"rendered":"https:\/\/www.orbeconsultores.com\/pulso-ambiental\/?p=1976"},"modified":"2024-11-04T09:32:26","modified_gmt":"2024-11-04T12:32:26","slug":"especialistas-de-orbe-participaron-en-reportaje-en-revista-de-energia","status":"publish","type":"post","link":"https:\/\/www.orbeconsultores.com\/pulso-ambiental\/2024\/11\/04\/especialistas-de-orbe-participaron-en-reportaje-en-revista-de-energia\/","title":{"rendered":"Especialistas de ORBE participaron en reportaje en Revista de Energ\u00eda"},"content":{"rendered":"\t\t<div data-elementor-type=\"wp-post\" data-elementor-id=\"1976\" class=\"elementor elementor-1976\">\n\t\t\t\t\t\t\t<div class=\"elementor-element elementor-element-479245a0 e-flex e-con-boxed e-con e-parent\" data-id=\"479245a0\" data-element_type=\"container\" data-settings=\"{&quot;content_width&quot;:&quot;boxed&quot;}\" data-core-v316-plus=\"true\">\n\t\t\t\t\t<div class=\"e-con-inner\">\n\t\t\t\t<div class=\"elementor-element elementor-element-557b6985 elementor-widget elementor-widget-text-editor\" data-id=\"557b6985\" data-element_type=\"widget\" data-widget_type=\"text-editor.default\">\n\t\t\t\t<div class=\"elementor-widget-container\">\n\t\t\t<style>\/*! elementor - v3.18.0 - 20-12-2023 *\/\n.elementor-widget-text-editor.elementor-drop-cap-view-stacked .elementor-drop-cap{background-color:#69727d;color:#fff}.elementor-widget-text-editor.elementor-drop-cap-view-framed .elementor-drop-cap{color:#69727d;border:3px solid;background-color:transparent}.elementor-widget-text-editor:not(.elementor-drop-cap-view-default) .elementor-drop-cap{margin-top:8px}.elementor-widget-text-editor:not(.elementor-drop-cap-view-default) .elementor-drop-cap-letter{width:1em;height:1em}.elementor-widget-text-editor .elementor-drop-cap{float:left;text-align:center;line-height:1;font-size:50px}.elementor-widget-text-editor .elementor-drop-cap-letter{display:inline-block}<\/style>\t\t\t\t<!-- wp:paragraph -->\n<p>Con mucho orgullo, queremos compartirles la participaci\u00f3n de dos de nuestros especialistas en la reconocida publicaci\u00f3n del sector energ\u00e9tico, Revista Ei. En esta ocasi\u00f3n, Sergio G\u00f3mez, nuestro Gerente de Proyectos, y Javier Busto, Encargado del \u00c1rea de Fauna, tuvieron la oportunidad de contribuir con su conocimiento en un reportaje de gran relevancia.<\/p>\n<p>\u00a0<\/p>\n<!-- \/wp:paragraph --><!-- wp:paragraph -->\n<p>En la edici\u00f3n N\u00b0 295 de la revista, Sergio y Javier ofrecieron sus perspectivas especializadas sobre c\u00f3mo mitigar los impactos ambientales en los parques e\u00f3licos, con un enfoque particular en un importante proyecto que se est\u00e1 desarrollando en Tal Tal, en la Regi\u00f3n de Antofagasta, en el cual ORBE participa activamente. Este proyecto, representa un esfuerzo no solo en la generaci\u00f3n de energ\u00eda limpia, sino tambi\u00e9n en la protecci\u00f3n de la fauna local y en la integraci\u00f3n de las comunidades locales como parte de su desarrollo.<\/p>\n<p>\u00a0<\/p>\n<!-- \/wp:paragraph --><!-- wp:paragraph -->\n<p>A lo largo del reportaje, ambos expertos compartieron detalles de las labores en la monitorizaci\u00f3n de fauna, una actividad esencial para proteger la biodiversidad de la zona. Adem\u00e1s, discutieron sobre la implementaci\u00f3n de trabajo social como una estrategia para involucrar a las comunidades y hacerlas part\u00edcipes de los beneficios y responsabilidades del proyecto. Este enfoque, seg\u00fan destacaron, no solo fortalece la protecci\u00f3n ambiental, sino que tambi\u00e9n fomenta una relaci\u00f3n de colaboraci\u00f3n y compromiso entre la empresa y los habitantes de la regi\u00f3n.<\/p>\n<p>\u00a0<\/p>\n<!-- \/wp:paragraph --><!-- wp:paragraph -->\n<p>\u201cLas empresas no solo deben enfocarse en la generaci\u00f3n de energ\u00eda limpia, sino tambi\u00e9n en fomentar la participaci\u00f3n activa de las comunidades en los esfuerzos de protecci\u00f3n ambiental\u201d, fue parte de lo que declararon nuestros expertos.<\/p>\n<p>\u00a0<\/p>\n<!-- \/wp:paragraph --><!-- wp:paragraph -->\n<p>Para quienes deseen conocer m\u00e1s sobre las opiniones de nuestros especialistas, pueden leer el reportaje completo en el sitio web de la revista, en <a href=\"https:\/\/www.revistaei.cl\" target=\"_blank\" rel=\"noopener\">Revistaei.cl<\/a>, o en la revista digital desde <a href=\"https:\/\/issuu.com\/csa2020\/docs\/elec_295\" target=\"_blank\" rel=\"noopener\">aqu\u00ed<\/a>, espec\u00edficamente en las p\u00e1ginas 20 a 23 de esta edici\u00f3n.<\/p>\n<p>\u00a0<\/p>\n<p><img fetchpriority=\"high\" decoding=\"async\" class=\"aligncenter wp-image-1981 size-large\" src=\"https:\/\/www.orbeconsultores.com\/pulso-ambiental\/wp-content\/uploads\/2024\/11\/revista-1024x661.png\" alt=\"\" width=\"1024\" height=\"661\" srcset=\"https:\/\/www.orbeconsultores.com\/pulso-ambiental\/wp-content\/uploads\/2024\/11\/revista-1024x661.png 1024w, https:\/\/www.orbeconsultores.com\/pulso-ambiental\/wp-content\/uploads\/2024\/11\/revista-300x194.png 300w, https:\/\/www.orbeconsultores.com\/pulso-ambiental\/wp-content\/uploads\/2024\/11\/revista-768x496.png 768w, https:\/\/www.orbeconsultores.com\/pulso-ambiental\/wp-content\/uploads\/2024\/11\/revista-675x436.png 675w, https:\/\/www.orbeconsultores.com\/pulso-ambiental\/wp-content\/uploads\/2024\/11\/revista-1400x904.png 1400w, https:\/\/www.orbeconsultores.com\/pulso-ambiental\/wp-content\/uploads\/2024\/11\/revista.png 1457w\" sizes=\"(max-width: 1024px) 100vw, 1024px\" \/><\/p>\n<!-- \/wp:paragraph -->\t\t\t\t\t\t<\/div>\n\t\t\t\t<\/div>\n\t\t\t\t\t<\/div>\n\t\t\t\t<\/div>\n\t\t\t\t\t\t\t<\/div>\n\t\t","protected":false},"excerpt":{"rendered":"<p>Con mucho orgullo, queremos compartirles la participaci\u00f3n de dos de nuestros especialistas en la reconocida publicaci\u00f3n del sector energ\u00e9tico, Revista Ei. En esta ocasi\u00f3n, Sergio G\u00f3mez, nuestro Gerente de Proyectos, y Javier Busto, Encargado del \u00c1rea de Fauna, tuvieron la oportunidad de contribuir con su conocimiento en un reportaje de gran relevancia. \u00a0 En la [&hellip;]<\/p>\n","protected":false},"author":4,"featured_media":1983,"comment_status":"open","ping_status":"open","sticky":false,"template":"","format":"standard","meta":{"footnotes":""},"categories":[51],"tags":[310,322,326,324,325],"class_list":["post-1976","post","type-post","status-publish","format-standard","has-post-thumbnail","hentry","category-pulso-ambiental","tag-fauna","tag-javier-bustos","tag-revista-de-energia","tag-revista-ei","tag-sergio-gomez"],"_links":{"self":[{"href":"https:\/\/www.orbeconsultores.com\/pulso-ambiental\/wp-json\/wp\/v2\/posts\/1976","targetHints":{"allow":["GET"]}}],"collection":[{"href":"https:\/\/www.orbeconsultores.com\/pulso-ambiental\/wp-json\/wp\/v2\/posts"}],"about":[{"href":"https:\/\/www.orbeconsultores.com\/pulso-ambiental\/wp-json\/wp\/v2\/types\/post"}],"author":[{"embeddable":true,"href":"https:\/\/www.orbeconsultores.com\/pulso-ambiental\/wp-json\/wp\/v2\/users\/4"}],"replies":[{"embeddable":true,"href":"https:\/\/www.orbeconsultores.com\/pulso-ambiental\/wp-json\/wp\/v2\/comments?post=1976"}],"version-history":[{"count":15,"href":"https:\/\/www.orbeconsultores.com\/pulso-ambiental\/wp-json\/wp\/v2\/posts\/1976\/revisions"}],"predecessor-version":[{"id":1995,"href":"https:\/\/www.orbeconsultores.com\/pulso-ambiental\/wp-json\/wp\/v2\/posts\/1976\/revisions\/1995"}],"wp:featuredmedia":[{"embeddable":true,"href":"https:\/\/www.orbeconsultores.com\/pulso-ambiental\/wp-json\/wp\/v2\/media\/1983"}],"wp:attachment":[{"href":"https:\/\/www.orbeconsultores.com\/pulso-ambiental\/wp-json\/wp\/v2\/media?parent=1976"}],"wp:term":[{"taxonomy":"category","embeddable":true,"href":"https:\/\/www.orbeconsultores.com\/pulso-ambiental\/wp-json\/wp\/v2\/categories?post=1976"},{"taxonomy":"post_tag","embeddable":true,"href":"https:\/\/www.orbeconsultores.com\/pulso-ambiental\/wp-json\/wp\/v2\/tags?post=1976"}],"curies":[{"name":"wp","href":"https:\/\/api.w.org\/{rel}","templated":true}]}}