{"id":2102,"date":"2024-12-16T08:44:51","date_gmt":"2024-12-16T11:44:51","guid":{"rendered":"https:\/\/www.orbeconsultores.com\/pulso-ambiental\/?p=2102"},"modified":"2024-12-18T16:05:45","modified_gmt":"2024-12-18T19:05:45","slug":"orbe-participa-en-exitosa-plantacion-comunitaria-en-el-parque-santiago-amengual-de-bosques-de-bolsillo","status":"publish","type":"post","link":"https:\/\/www.orbeconsultores.com\/pulso-ambiental\/2024\/12\/16\/orbe-participa-en-exitosa-plantacion-comunitaria-en-el-parque-santiago-amengual-de-bosques-de-bolsillo\/","title":{"rendered":"ORBE participa en exitosa Plantaci\u00f3n Comunitaria en el Parque Santiago Amengual del programa &#8220;Bosques de Bolsillo&#8221;"},"content":{"rendered":"\t\t<div data-elementor-type=\"wp-post\" data-elementor-id=\"2102\" class=\"elementor elementor-2102\">\n\t\t\t\t\t\t\t<div class=\"elementor-element elementor-element-54c0fa9f e-flex e-con-boxed e-con e-parent\" data-id=\"54c0fa9f\" data-element_type=\"container\" data-settings=\"{&quot;content_width&quot;:&quot;boxed&quot;}\" data-core-v316-plus=\"true\">\n\t\t\t\t\t<div class=\"e-con-inner\">\n\t\t\t\t<div class=\"elementor-element elementor-element-7e06bc66 elementor-widget elementor-widget-text-editor\" data-id=\"7e06bc66\" data-element_type=\"widget\" data-widget_type=\"text-editor.default\">\n\t\t\t\t<div class=\"elementor-widget-container\">\n\t\t\t<style>\/*! elementor - v3.18.0 - 20-12-2023 *\/\n.elementor-widget-text-editor.elementor-drop-cap-view-stacked .elementor-drop-cap{background-color:#69727d;color:#fff}.elementor-widget-text-editor.elementor-drop-cap-view-framed .elementor-drop-cap{color:#69727d;border:3px solid;background-color:transparent}.elementor-widget-text-editor:not(.elementor-drop-cap-view-default) .elementor-drop-cap{margin-top:8px}.elementor-widget-text-editor:not(.elementor-drop-cap-view-default) .elementor-drop-cap-letter{width:1em;height:1em}.elementor-widget-text-editor .elementor-drop-cap{float:left;text-align:center;line-height:1;font-size:50px}.elementor-widget-text-editor .elementor-drop-cap-letter{display:inline-block}<\/style>\t\t\t\t<!-- wp:paragraph -->\n<p>El pasado s\u00e1bado 14 de diciembre, se realiz\u00f3 una nueva jornada de plantaci\u00f3n comunitaria en la comuna de Pudahuel, en el marco del programa <strong>&#8220;Bosques de Bolsillo&#8221;.<\/strong><\/p>\n<p>\u00a0<\/p>\n<p>La actividad tuvo lugar en el Parque Santiago Amengual y cont\u00f3 con la participaci\u00f3n de vecinos, organizaciones de la sociedad civil, profesionales del \u00c1rea de Comunidades de nuestra empresa, profesionales de Symbi\u00f3tica, Woh Arquitectos, Paisajismo Teresa Moller y autoridades locales.<\/p>\n<p>\u00a0<\/p>\n<p>Destac\u00f3 la presencia del alcalde de Pudahuel, \u00cdtalo Bravo, quien agradeci\u00f3 esta instancia de participaci\u00f3n ciudadana y valor\u00f3 el aporte al medioambiente que representa la iniciativa para el parque y la comuna.<\/p>\n<p>\u00a0<\/p>\n<p>Asimismo, se cont\u00f3 con el apoyo de la<strong> Municipalidad de Pudahuel<\/strong> y el <strong>Gobierno Regional (GORE)<\/strong>, organismos clave en la ejecuci\u00f3n de este proyecto, en donde se plantaron m\u00e1s de 3000 \u00e1rboles de distintas especies nativas.\u00a0<\/p>\n<p>\u00a0<\/p>\n<p>Tom\u00e1s Ruiz, soci\u00f3logo del \u00c1rea de Comunidades de <strong>ORBE<\/strong>, destac\u00f3 esta instancia, posterior a la plantaci\u00f3n realizada en Cerrillos el d\u00eda 30 de noviembre.<\/p>\n<p>\u00a0<\/p>\n<p>El soci\u00f3logo tambi\u00e9n resalt\u00f3 la participaci\u00f3n en esta instancia a pesar de la fecha y caracter\u00edsticas clim\u00e1ticas: \u201cLa convocatoria super\u00f3 las 100 personas, lo que nos deja satisfechos. Aunque no fue f\u00e1cil, tuvimos incluso participantes que viajaron desde Puerto Natales y colaboraron con organizaciones de Pudahuel\u201d.<\/p>\n<p>\u00a0<\/p>\n<p>Ruiz comenta: \u201cLas impresiones son positivas, este tipo de convocatorias no son sencillas de gestionar, implica un proceso vers\u00e1til, de mucho trabajo en el territorio\u201d.<\/p>\n<p>\u00a0<\/p>\n<p>Renca ser\u00e1 la siguiente en sumarse al programa Bosques de Bolsillo. \u201cPor distintas razones, la comuna de Renca participar\u00e1 del programa en marzo. Antes de la plantaci\u00f3n, realizaremos talleres para fortalecer el nexo con la comunidad\u201d, explic\u00f3 Ruiz.<\/p>\n<p>\u00a0<\/p>\n<p>La jornada refuerza el compromiso de ORBE con la creaci\u00f3n de nuevos espacios ecol\u00f3gicos, destinados a mejorar la calidad de vida de la ciudadan\u00eda y promover pr\u00e1cticas sostenibles en la ciudad.<\/p>\n<p>\u00a0<\/p>\n<!-- \/wp:paragraph -->\t\t\t\t\t\t<\/div>\n\t\t\t\t<\/div>\n\t\t\t\t\t<\/div>\n\t\t\t\t<\/div>\n\t\t<div class=\"elementor-element elementor-element-4f1134d e-flex e-con-boxed e-con e-parent\" data-id=\"4f1134d\" data-element_type=\"container\" data-settings=\"{&quot;content_width&quot;:&quot;boxed&quot;}\" data-core-v316-plus=\"true\">\n\t\t\t\t\t<div class=\"e-con-inner\">\n\t\t\t\t<div class=\"elementor-element elementor-element-5728125 elementor-arrows-position-inside elementor-widget elementor-widget-image-carousel\" data-id=\"5728125\" data-element_type=\"widget\" data-settings=\"{&quot;slides_to_show&quot;:&quot;2&quot;,&quot;navigation&quot;:&quot;arrows&quot;,&quot;autoplay&quot;:&quot;yes&quot;,&quot;pause_on_hover&quot;:&quot;yes&quot;,&quot;pause_on_interaction&quot;:&quot;yes&quot;,&quot;autoplay_speed&quot;:5000,&quot;infinite&quot;:&quot;yes&quot;,&quot;speed&quot;:500}\" data-widget_type=\"image-carousel.default\">\n\t\t\t\t<div class=\"elementor-widget-container\">\n\t\t\t<style>\/*! elementor - v3.18.0 - 20-12-2023 *\/\n.elementor-widget-image-carousel .swiper,.elementor-widget-image-carousel .swiper-container{position:static}.elementor-widget-image-carousel .swiper-container .swiper-slide figure,.elementor-widget-image-carousel .swiper .swiper-slide figure{line-height:inherit}.elementor-widget-image-carousel .swiper-slide{text-align:center}.elementor-image-carousel-wrapper:not(.swiper-container-initialized):not(.swiper-initialized) .swiper-slide{max-width:calc(100% \/ var(--e-image-carousel-slides-to-show, 3))}<\/style>\t\t<div class=\"elementor-image-carousel-wrapper swiper\" dir=\"ltr\">\n\t\t\t<div class=\"elementor-image-carousel swiper-wrapper\" aria-live=\"off\">\n\t\t\t\t\t\t\t\t<div class=\"swiper-slide\" role=\"group\" aria-roledescription=\"slide\" aria-label=\"1 de 8\"><figure class=\"swiper-slide-inner\"><img decoding=\"async\" class=\"swiper-slide-image\" src=\"https:\/\/www.orbeconsultores.com\/pulso-ambiental\/wp-content\/uploads\/2024\/12\/WhatsApp-Image-2024-12-14-at-11.58.23-AM.jpeg\" alt=\"WhatsApp Image 2024-12-14 at 11.58.23 AM\" \/><\/figure><\/div><div class=\"swiper-slide\" role=\"group\" aria-roledescription=\"slide\" aria-label=\"2 de 8\"><figure class=\"swiper-slide-inner\"><img decoding=\"async\" class=\"swiper-slide-image\" src=\"https:\/\/www.orbeconsultores.com\/pulso-ambiental\/wp-content\/uploads\/2024\/12\/WhatsApp-Image-2024-12-14-at-11.58.24-AM-1.jpeg\" alt=\"WhatsApp Image 2024-12-14 at 11.58.24 AM (1)\" \/><\/figure><\/div><div class=\"swiper-slide\" role=\"group\" aria-roledescription=\"slide\" aria-label=\"3 de 8\"><figure class=\"swiper-slide-inner\"><img decoding=\"async\" class=\"swiper-slide-image\" src=\"https:\/\/www.orbeconsultores.com\/pulso-ambiental\/wp-content\/uploads\/2024\/12\/WhatsApp-Image-2024-12-14-at-11.58.24-AM-2.jpeg\" alt=\"WhatsApp Image 2024-12-14 at 11.58.24 AM\" \/><\/figure><\/div><div class=\"swiper-slide\" role=\"group\" aria-roledescription=\"slide\" aria-label=\"4 de 8\"><figure class=\"swiper-slide-inner\"><img decoding=\"async\" class=\"swiper-slide-image\" src=\"https:\/\/www.orbeconsultores.com\/pulso-ambiental\/wp-content\/uploads\/2024\/12\/WhatsApp-Image-2024-12-14-at-11.58.25-AM-1-1536x1152.jpeg\" alt=\"WhatsApp Image 2024-12-14 at 11.58.25 AM (1)\" \/><\/figure><\/div><div class=\"swiper-slide\" role=\"group\" aria-roledescription=\"slide\" aria-label=\"5 de 8\"><figure class=\"swiper-slide-inner\"><img decoding=\"async\" class=\"swiper-slide-image\" src=\"https:\/\/www.orbeconsultores.com\/pulso-ambiental\/wp-content\/uploads\/2024\/12\/WhatsApp-Image-2024-12-14-at-11.58.25-AM-1536x1152.jpeg\" alt=\"WhatsApp Image 2024-12-14 at 11.58.25 AM\" \/><\/figure><\/div><div class=\"swiper-slide\" role=\"group\" aria-roledescription=\"slide\" aria-label=\"6 de 8\"><figure class=\"swiper-slide-inner\"><img decoding=\"async\" class=\"swiper-slide-image\" src=\"https:\/\/www.orbeconsultores.com\/pulso-ambiental\/wp-content\/uploads\/2024\/12\/WhatsApp-Image-2024-12-16-at-8.32.59-AM-1-1536x708.jpeg\" alt=\"WhatsApp Image 2024-12-16 at 8.32.59 AM (1)\" \/><\/figure><\/div><div class=\"swiper-slide\" role=\"group\" aria-roledescription=\"slide\" aria-label=\"7 de 8\"><figure class=\"swiper-slide-inner\"><img decoding=\"async\" class=\"swiper-slide-image\" src=\"https:\/\/www.orbeconsultores.com\/pulso-ambiental\/wp-content\/uploads\/2024\/12\/WhatsApp-Image-2024-12-16-at-8.32.59-AM-2-1536x708.jpeg\" alt=\"WhatsApp Image 2024-12-16 at 8.32.59 AM (2)\" \/><\/figure><\/div><div class=\"swiper-slide\" role=\"group\" aria-roledescription=\"slide\" aria-label=\"8 de 8\"><figure class=\"swiper-slide-inner\"><img decoding=\"async\" class=\"swiper-slide-image\" src=\"https:\/\/www.orbeconsultores.com\/pulso-ambiental\/wp-content\/uploads\/2024\/12\/WhatsApp-Image-2024-12-16-at-8.32.59-AM-708x1536.jpeg\" alt=\"WhatsApp Image 2024-12-16 at 8.32.59 AM\" \/><\/figure><\/div>\t\t\t<\/div>\n\t\t\t\t\t\t\t\t\t\t\t\t<div class=\"elementor-swiper-button elementor-swiper-button-prev\" role=\"button\" tabindex=\"0\">\n\t\t\t\t\t\t<svg aria-hidden=\"true\" class=\"e-font-icon-svg e-eicon-chevron-left\" viewBox=\"0 0 1000 1000\" xmlns=\"http:\/\/www.w3.org\/2000\/svg\"><path d=\"M646 125C629 125 613 133 604 142L308 442C296 454 292 471 292 487 292 504 296 521 308 533L604 854C617 867 629 875 646 875 663 875 679 871 692 858 704 846 713 829 713 812 713 796 708 779 692 767L438 487 692 225C700 217 708 204 708 187 708 171 704 154 692 142 675 129 663 125 646 125Z\"><\/path><\/svg>\t\t\t\t\t<\/div>\n\t\t\t\t\t<div class=\"elementor-swiper-button elementor-swiper-button-next\" role=\"button\" tabindex=\"0\">\n\t\t\t\t\t\t<svg aria-hidden=\"true\" class=\"e-font-icon-svg e-eicon-chevron-right\" viewBox=\"0 0 1000 1000\" xmlns=\"http:\/\/www.w3.org\/2000\/svg\"><path d=\"M696 533C708 521 713 504 713 487 713 471 708 454 696 446L400 146C388 133 375 125 354 125 338 125 325 129 313 142 300 154 292 171 292 187 292 204 296 221 308 233L563 492 304 771C292 783 288 800 288 817 288 833 296 850 308 863 321 871 338 875 354 875 371 875 388 867 400 854L696 533Z\"><\/path><\/svg>\t\t\t\t\t<\/div>\n\t\t\t\t\n\t\t\t\t\t\t\t\t\t<\/div>\n\t\t\t\t<\/div>\n\t\t\t\t<\/div>\n\t\t\t\t\t<\/div>\n\t\t\t\t<\/div>\n\t\t\t\t\t\t\t<\/div>\n\t\t","protected":false},"excerpt":{"rendered":"<p>El pasado s\u00e1bado 14 de diciembre, se realiz\u00f3 una nueva jornada de plantaci\u00f3n comunitaria en la comuna de Pudahuel, en el marco del programa &#8220;Bosques de Bolsillo&#8221;. \u00a0 La actividad tuvo lugar en el Parque Santiago Amengual y cont\u00f3 con la participaci\u00f3n de vecinos, organizaciones de la sociedad civil, profesionales del \u00c1rea de Comunidades de [&hellip;]<\/p>\n","protected":false},"author":4,"featured_media":2105,"comment_status":"open","ping_status":"open","sticky":false,"template":"","format":"standard","meta":{"footnotes":""},"categories":[51],"tags":[299,342,344],"class_list":["post-2102","post","type-post","status-publish","format-standard","has-post-thumbnail","hentry","category-pulso-ambiental","tag-bosques-de-bolsillo","tag-italo-bravo","tag-miyawaki"],"_links":{"self":[{"href":"https:\/\/www.orbeconsultores.com\/pulso-ambiental\/wp-json\/wp\/v2\/posts\/2102","targetHints":{"allow":["GET"]}}],"collection":[{"href":"https:\/\/www.orbeconsultores.com\/pulso-ambiental\/wp-json\/wp\/v2\/posts"}],"about":[{"href":"https:\/\/www.orbeconsultores.com\/pulso-ambiental\/wp-json\/wp\/v2\/types\/post"}],"author":[{"embeddable":true,"href":"https:\/\/www.orbeconsultores.com\/pulso-ambiental\/wp-json\/wp\/v2\/users\/4"}],"replies":[{"embeddable":true,"href":"https:\/\/www.orbeconsultores.com\/pulso-ambiental\/wp-json\/wp\/v2\/comments?post=2102"}],"version-history":[{"count":15,"href":"https:\/\/www.orbeconsultores.com\/pulso-ambiental\/wp-json\/wp\/v2\/posts\/2102\/revisions"}],"predecessor-version":[{"id":2135,"href":"https:\/\/www.orbeconsultores.com\/pulso-ambiental\/wp-json\/wp\/v2\/posts\/2102\/revisions\/2135"}],"wp:featuredmedia":[{"embeddable":true,"href":"https:\/\/www.orbeconsultores.com\/pulso-ambiental\/wp-json\/wp\/v2\/media\/2105"}],"wp:attachment":[{"href":"https:\/\/www.orbeconsultores.com\/pulso-ambiental\/wp-json\/wp\/v2\/media?parent=2102"}],"wp:term":[{"taxonomy":"category","embeddable":true,"href":"https:\/\/www.orbeconsultores.com\/pulso-ambiental\/wp-json\/wp\/v2\/categories?post=2102"},{"taxonomy":"post_tag","embeddable":true,"href":"https:\/\/www.orbeconsultores.com\/pulso-ambiental\/wp-json\/wp\/v2\/tags?post=2102"}],"curies":[{"name":"wp","href":"https:\/\/api.w.org\/{rel}","templated":true}]}}