{"id":2577,"date":"2025-05-07T10:50:47","date_gmt":"2025-05-07T13:50:47","guid":{"rendered":"https:\/\/www.orbeconsultores.com\/pulso-ambiental\/?p=2577"},"modified":"2025-05-29T15:43:36","modified_gmt":"2025-05-29T18:43:36","slug":"sembrando-futuro-el-area-geomatica-y-su-trabajo-en-los-bosques-de-bolsillo-de-santiago","status":"publish","type":"post","link":"https:\/\/www.orbeconsultores.com\/pulso-ambiental\/2025\/05\/07\/sembrando-futuro-el-area-geomatica-y-su-trabajo-en-los-bosques-de-bolsillo-de-santiago\/","title":{"rendered":"Sembrando futuro: El \u00c1rea Geom\u00e1tica y su trabajo en los Bosques de Bolsillo de Santiago"},"content":{"rendered":"\t\t<div data-elementor-type=\"wp-post\" data-elementor-id=\"2577\" class=\"elementor elementor-2577\">\n\t\t\t\t\t\t\t<div class=\"elementor-element elementor-element-677ed649 e-flex e-con-boxed e-con e-parent\" data-id=\"677ed649\" data-element_type=\"container\" data-settings=\"{&quot;content_width&quot;:&quot;boxed&quot;}\" data-core-v316-plus=\"true\">\n\t\t\t\t\t<div class=\"e-con-inner\">\n\t\t\t\t<div class=\"elementor-element elementor-element-8dd05f1 elementor-widget elementor-widget-text-editor\" data-id=\"8dd05f1\" data-element_type=\"widget\" data-widget_type=\"text-editor.default\">\n\t\t\t\t<div class=\"elementor-widget-container\">\n\t\t\t<style>\/*! elementor - v3.18.0 - 20-12-2023 *\/\n.elementor-widget-text-editor.elementor-drop-cap-view-stacked .elementor-drop-cap{background-color:#69727d;color:#fff}.elementor-widget-text-editor.elementor-drop-cap-view-framed .elementor-drop-cap{color:#69727d;border:3px solid;background-color:transparent}.elementor-widget-text-editor:not(.elementor-drop-cap-view-default) .elementor-drop-cap{margin-top:8px}.elementor-widget-text-editor:not(.elementor-drop-cap-view-default) .elementor-drop-cap-letter{width:1em;height:1em}.elementor-widget-text-editor .elementor-drop-cap{float:left;text-align:center;line-height:1;font-size:50px}.elementor-widget-text-editor .elementor-drop-cap-letter{display:inline-block}<\/style>\t\t\t\t<!-- wp:paragraph -->\n<p><img fetchpriority=\"high\" decoding=\"async\" class=\"alignleft wp-image-2594\" src=\"https:\/\/www.orbeconsultores.com\/pulso-ambiental\/wp-content\/uploads\/2025\/05\/Recurso-1@2x-300x276.png\" alt=\"Claudio Badilla - Jefe \u00c1rea Geomatica ORBE\" width=\"251\" height=\"231\" srcset=\"https:\/\/www.orbeconsultores.com\/pulso-ambiental\/wp-content\/uploads\/2025\/05\/Recurso-1@2x-300x276.png 300w, https:\/\/www.orbeconsultores.com\/pulso-ambiental\/wp-content\/uploads\/2025\/05\/Recurso-1@2x.png 559w\" sizes=\"(max-width: 251px) 100vw, 251px\" \/>\u00bfPuede la geom\u00e1tica ir m\u00e1s all\u00e1 del an\u00e1lisis t\u00e9cnico y convertirse en una herramienta de impacto social y ambiental? Esta es la pregunta que abordamos con <strong>Claudio Badilla<\/strong>, jefe del \u00c1rea de Geom\u00e1tica de <strong>ORBE Ambiental &amp; Legal<\/strong>. Aunque la labor de esta \u00e1rea suele centrarse en el levantamiento de datos cient\u00edficos para la protecci\u00f3n y estudio del medioambiente, en el proyecto <strong>Bosques de Bolsillo<\/strong> su equipo ha tenido la oportunidad de integrar conocimiento t\u00e9cnico con la regeneraci\u00f3n urbana y el trabajo directo con las comunidades, demostrando que la tecnolog\u00eda tambi\u00e9n puede sembrar cambios reales en los territorios.<\/p>\n<p>\u00a0<\/p>\n<!-- \/wp:paragraph --><!-- wp:paragraph -->\n<h3><strong>\u00bfCu\u00e1l es el objetivo principal del proyecto &#8220;Bosques de Bolsillo&#8221;?<\/strong><\/h3>\n<p>\u00a0<\/p>\n<!-- \/wp:paragraph --><!-- wp:paragraph -->\n<p>El programa <strong>Bosques de Bolsillo<\/strong>, impulsado por el Gobierno de Santiago, busca recuperar y regenerar espacios urbanos a trav\u00e9s de la creaci\u00f3n de peque\u00f1as \u00e1reas verdes de alta densidad vegetal, utilizando el <strong>m\u00e9todo Miyawaki<\/strong>. Este m\u00e9todo permite establecer ecosistemas nativos resilientes en poco tiempo, con una alta capacidad de <strong>captura de CO\u2082<\/strong>, regulaci\u00f3n t\u00e9rmica y aumento de biodiversidad. El objetivo es <strong>plantar 100.000 especies nativas<\/strong> en diferentes comunas de la Regi\u00f3n Metropolitana, generando una <strong>red de refugios clim\u00e1ticos<\/strong> que contribuyan al bienestar de las comunidades urbanas.<\/p>\n<p>\u00a0<\/p>\n<p><img decoding=\"async\" class=\"aligncenter wp-image-2584\" src=\"https:\/\/www.orbeconsultores.com\/pulso-ambiental\/wp-content\/uploads\/2025\/05\/taller-pudahuel-6-1-1-1024x768.jpg\" alt=\"\" width=\"900\" height=\"675\" srcset=\"https:\/\/www.orbeconsultores.com\/pulso-ambiental\/wp-content\/uploads\/2025\/05\/taller-pudahuel-6-1-1-1024x768.jpg 1024w, https:\/\/www.orbeconsultores.com\/pulso-ambiental\/wp-content\/uploads\/2025\/05\/taller-pudahuel-6-1-1-300x225.jpg 300w, https:\/\/www.orbeconsultores.com\/pulso-ambiental\/wp-content\/uploads\/2025\/05\/taller-pudahuel-6-1-1-768x576.jpg 768w, https:\/\/www.orbeconsultores.com\/pulso-ambiental\/wp-content\/uploads\/2025\/05\/taller-pudahuel-6-1-1-1536x1152.jpg 1536w, https:\/\/www.orbeconsultores.com\/pulso-ambiental\/wp-content\/uploads\/2025\/05\/taller-pudahuel-6-1-1-2048x1536.jpg 2048w, https:\/\/www.orbeconsultores.com\/pulso-ambiental\/wp-content\/uploads\/2025\/05\/taller-pudahuel-6-1-1-675x506.jpg 675w, https:\/\/www.orbeconsultores.com\/pulso-ambiental\/wp-content\/uploads\/2025\/05\/taller-pudahuel-6-1-1-1400x1050.jpg 1400w, https:\/\/www.orbeconsultores.com\/pulso-ambiental\/wp-content\/uploads\/2025\/05\/taller-pudahuel-6-1-1-1920x1440.jpg 1920w\" sizes=\"(max-width: 900px) 100vw, 900px\" \/><\/p>\n<p>\u00a0<\/p>\n<!-- \/wp:paragraph --><!-- wp:paragraph -->\n<h3><strong>\u00bfC\u00f3mo contribuye la geom\u00e1tica al \u00e9xito del proyecto?\u00a0\u00a0\u00a0\u00a0\u00a0\u00a0\u00a0\u00a0\u00a0\u00a0\u00a0\u00a0<\/strong><\/h3>\n<p>\u00a0<\/p>\n<!-- \/wp:paragraph --><!-- wp:paragraph -->\n<p>Desde el \u00e1rea de Geom\u00e1tica, nos encargamos de la <strong>georreferenciaci\u00f3n precisa<\/strong> de todos los terrenos involucrados, generalmente desde <strong>v\u00e9rtices oficiales del IGM<\/strong>. Esto permite trabajar en un sistema coordenado com\u00fan y confiable, <strong>transversal a todas las disciplinas<\/strong> del proyecto: ambiental, arquitect\u00f3nica, civil, ingenier\u00eda y gubernamental. Somos usualmente la <strong>primera l\u00ednea de acci\u00f3n<\/strong>, visitando el terreno antes de cualquier intervenci\u00f3n, capturando las <strong>caracter\u00edsticas del relieve, uso actual del suelo y elementos existentes<\/strong>. Esta informaci\u00f3n es clave para planificar correctamente y minimizar impactos, optimizando la ejecuci\u00f3n y conservaci\u00f3n de los bosques.<\/p>\n<p>\u00a0<\/p>\n<!-- \/wp:paragraph --><!-- wp:paragraph -->\n<h3><strong>\u00bfQu\u00e9 t\u00e9cnicas de fotogrametr\u00eda se utilizan para estudiar los lugares de plantaci\u00f3n?<\/strong><\/h3>\n<p>\u00a0<\/p>\n<!-- \/wp:paragraph --><!-- wp:paragraph -->\n<p>El <strong>NDVI<\/strong> (\u00cdndice de Vegetaci\u00f3n de Diferencia Normalizada) es una t\u00e9cnica basada en el <strong>an\u00e1lisis del espectro infrarrojo cercano<\/strong>, que permite evaluar la salud y densidad de la vegetaci\u00f3n. A esto se suma el uso del <strong>NDWI<\/strong> (\u00cdndice de Humedad de Vegetaci\u00f3n), \u00fatil para identificar zonas con buena disponibilidad de agua o humedad en el suelo.<\/p>\n<p>\u00a0<\/p>\n<!-- \/wp:paragraph --><!-- wp:paragraph -->\n<p>Utilizamos <strong>drones con c\u00e1maras multiespectrales<\/strong> para realizar vuelos fotogram\u00e9tricos que nos permiten generar ortomosaicos, modelos digitales del terreno y an\u00e1lisis multitemporales. Esto facilita una <strong>planificaci\u00f3n estrat\u00e9gica de plantaci\u00f3n<\/strong> seg\u00fan el estado actual de la vegetaci\u00f3n y permite realizar seguimientos para evaluar la efectividad del m\u00e9todo Miyawaki a lo largo del tiempo.<\/p>\n<p>\u00a0<\/p>\n<!-- \/wp:paragraph --><!-- wp:paragraph -->\n<blockquote>\n<h3 style=\"text-align: center;\"><strong>El NDWI es un \u00edndice usado en geom\u00e1tica para detectar cuerpos de agua en im\u00e1genes satelitales, combinando bandas del verde y el infrarrojo cercano. Se aplica en estudios medioambientales para delimitar zonas acu\u00e1ticas, monitorear cambios en humedales y detectar inundaciones o sequ\u00edas.<\/strong><\/h3>\n<\/blockquote>\n<p>\u00a0<\/p>\n<!-- \/wp:paragraph --><!-- wp:paragraph -->\n<h3><strong>\u00bfCu\u00e1les son los beneficios de la fotogrametr\u00eda? \u00bfQu\u00e9 asegura el proyecto al tener la participaci\u00f3n de su \u00e1rea en este proyecto?<\/strong><\/h3>\n<p>\u00a0<\/p>\n<!-- \/wp:paragraph --><!-- wp:paragraph -->\n<p>La <strong>fotogrametr\u00eda permite capturar el territorio en alta resoluci\u00f3n<\/strong>, generando modelos 3D, curvas de nivel, mapas de cobertura vegetal y ortofotos georreferenciadas. Estos productos aseguran una base t\u00e9cnica s\u00f3lida para el dise\u00f1o del bosque y la integraci\u00f3n con otras disciplinas.<br \/>Nuestra participaci\u00f3n garantiza una <strong>lectura objetiva del terreno<\/strong>, identificaci\u00f3n de conflictos y una base cartogr\u00e1fica precisa que <strong>reduce errores, tiempos y costos<\/strong> en las etapas de dise\u00f1o y ejecuci\u00f3n.<\/p>\n<p>\u00a0<\/p>\n<!-- \/wp:paragraph --><!-- wp:paragraph -->\n<h3><strong>\u00bfSe podr\u00eda monitorear cambios en la temperatura y el impacto ambiental despu\u00e9s de la plantaci\u00f3n desde el \u00e1rea?<\/strong><\/h3>\n<p>\u00a0<\/p>\n<!-- \/wp:paragraph --><!-- wp:paragraph -->\n<p>S\u00ed, es posible y est\u00e1 en nuestros planes. A trav\u00e9s de <strong>fotogrametr\u00eda t\u00e9rmica<\/strong>, podr\u00edamos realizar vuelos antes y despu\u00e9s de la ejecuci\u00f3n de los bosques para <strong>comparar temperaturas superficiales<\/strong>. Esto permitir\u00eda medir el <strong>efecto isla de calor<\/strong> y validar la capacidad del bosque para reducir temperaturas locales. Aunque a\u00fan estamos en etapa de desarrollo, esta tecnolog\u00eda promete ser un <strong>indicador cuantificable del impacto ambiental positivo<\/strong> de los Bosques de Bolsillo.<\/p>\n<p>\u00a0<\/p>\n<!-- \/wp:paragraph --><!-- wp:paragraph -->\n<h3><strong>\u00bfCu\u00e1les son las lecciones aprendidas de este proyecto y qu\u00e9 impacto crees que tenga el trabajo del \u00e1rea en el proyecto a futuro? \u00a0<\/strong><\/h3>\n<p>\u00a0<\/p>\n<!-- \/wp:paragraph --><!-- wp:paragraph -->\n<p>Una gran lecci\u00f3n ha sido el <strong>valor de la geom\u00e1tica como herramienta integradora<\/strong> entre lo t\u00e9cnico, lo ambiental y lo social. No solo generamos mapas y modelos, tambi\u00e9n podemos <strong>influir positivamente en la comunidad y la biodiversidad<\/strong>.<\/p>\n<p>\u00a0<\/p>\n<!-- \/wp:paragraph --><!-- wp:paragraph -->\n<p>Un ejemplo concreto fue en el proyecto de <strong>Renca<\/strong>, donde identificamos <strong>madrigueras de <a href=\"https:\/\/inaturalist.mma.gob.cl\/taxa\/202657-Grammostola-rosea\" target=\"_blank\" rel=\"noopener\"><em>Grammostola rosea<\/em><\/a>, conocida como ara\u00f1a pollito chilena<\/strong>, durante el levantamiento con GNSS. Toda esa informaci\u00f3n fue reportada y permiti\u00f3 <strong>ajustar el dise\u00f1o de senderos y obras civiles<\/strong> para proteger estas especies nativas.<\/p>\n<p>\u00a0<\/p>\n<!-- \/wp:paragraph --><!-- wp:paragraph -->\n<blockquote>\n<h3 style=\"text-align: center;\"><strong>La <em>Grammostola rosea <\/em>es una especie de tar\u00e1ntula chilena de color marr\u00f3n o rosado, conocida por su car\u00e1cter d\u00f3cil. Habita en zonas \u00e1ridas y semi\u00e1ridas del norte y centro de Chile, especialmente en matorrales y \u00e1reas des\u00e9rticas.<\/strong><\/h3>\n<p><img decoding=\"async\" class=\"aligncenter wp-image-2582\" src=\"https:\/\/www.orbeconsultores.com\/pulso-ambiental\/wp-content\/uploads\/2025\/05\/large-300x191.jpeg\" alt=\"\" width=\"900\" height=\"574\" srcset=\"https:\/\/www.orbeconsultores.com\/pulso-ambiental\/wp-content\/uploads\/2025\/05\/large-300x191.jpeg 300w, https:\/\/www.orbeconsultores.com\/pulso-ambiental\/wp-content\/uploads\/2025\/05\/large-768x490.jpeg 768w, https:\/\/www.orbeconsultores.com\/pulso-ambiental\/wp-content\/uploads\/2025\/05\/large-675x430.jpeg 675w, https:\/\/www.orbeconsultores.com\/pulso-ambiental\/wp-content\/uploads\/2025\/05\/large.jpeg 1024w\" sizes=\"(max-width: 900px) 100vw, 900px\" \/><\/p>\n<\/blockquote>\n<!-- \/wp:paragraph --><!-- wp:paragraph -->\n<p>A futuro, la geom\u00e1tica puede <strong>incluir m\u00e1s variables sociales, educativas y ambientales<\/strong>, involucrando a vecinos en la lectura del territorio y fomentando el cuidado de estos nuevos bosques urbanos desde su origen. Esto ser\u00eda muy satisfactorio sumarlo a las acciones que lleva a <a href=\"https:\/\/www.orbeconsultores.com\/pulso-ambiental\/2025\/04\/14\/vecinos-de-maipu-participaron-de-motivante-taller-de-participacion-comunitaria-para-la-creacion-de-un-bosque-de-bolsillo-en-el-parque-municipal\/\"><em>cabo el \u00e1rea humana de comunidades de ORBE, que codise\u00f1an los bosques junto a los vecinos.<\/em><\/a><\/p>\n<p>\u00a0<\/p>\n<p>Conoce m\u00e1s de los servicios del<a href=\"https:\/\/www.orbeconsultores.com\/especialidad-geomatica\"> \u00c1rea Geom\u00e1tica en el sitio web de ORBE Ambienta &amp; Legal.<\/a><\/p>\n<!-- \/wp:paragraph -->\t\t\t\t\t\t<\/div>\n\t\t\t\t<\/div>\n\t\t\t\t\t<\/div>\n\t\t\t\t<\/div>\n\t\t\t\t\t\t\t<\/div>\n\t\t","protected":false},"excerpt":{"rendered":"<p>\u00bfPuede la geom\u00e1tica ir m\u00e1s all\u00e1 del an\u00e1lisis t\u00e9cnico y convertirse en una herramienta de impacto social y ambiental? Esta es la pregunta que abordamos con Claudio Badilla, jefe del \u00c1rea de Geom\u00e1tica de ORBE Ambiental &#038; Legal. Aunque la labor de esta \u00e1rea suele centrarse en el levantamiento de datos cient\u00edficos para la protecci\u00f3n y estudio del medioambiente, en el proyecto Bosques de Bolsillo su equipo ha tenido la oportunidad de integrar conocimiento t\u00e9cnico con la regeneraci\u00f3n urbana y el trabajo directo con las comunidades, demostrando que la tecnolog\u00eda tambi\u00e9n puede sembrar cambios reales en los territorios.<\/p>\n","protected":false},"author":4,"featured_media":2579,"comment_status":"open","ping_status":"open","sticky":false,"template":"","format":"standard","meta":{"footnotes":""},"categories":[51],"tags":[299,368,366,370,344,54],"class_list":["post-2577","post","type-post","status-publish","format-standard","has-post-thumbnail","hentry","category-pulso-ambiental","tag-bosques-de-bolsillo","tag-claudio-badilla","tag-drones","tag-geomatica-2","tag-miyawaki","tag-orbe"],"_links":{"self":[{"href":"https:\/\/www.orbeconsultores.com\/pulso-ambiental\/wp-json\/wp\/v2\/posts\/2577","targetHints":{"allow":["GET"]}}],"collection":[{"href":"https:\/\/www.orbeconsultores.com\/pulso-ambiental\/wp-json\/wp\/v2\/posts"}],"about":[{"href":"https:\/\/www.orbeconsultores.com\/pulso-ambiental\/wp-json\/wp\/v2\/types\/post"}],"author":[{"embeddable":true,"href":"https:\/\/www.orbeconsultores.com\/pulso-ambiental\/wp-json\/wp\/v2\/users\/4"}],"replies":[{"embeddable":true,"href":"https:\/\/www.orbeconsultores.com\/pulso-ambiental\/wp-json\/wp\/v2\/comments?post=2577"}],"version-history":[{"count":44,"href":"https:\/\/www.orbeconsultores.com\/pulso-ambiental\/wp-json\/wp\/v2\/posts\/2577\/revisions"}],"predecessor-version":[{"id":2850,"href":"https:\/\/www.orbeconsultores.com\/pulso-ambiental\/wp-json\/wp\/v2\/posts\/2577\/revisions\/2850"}],"wp:featuredmedia":[{"embeddable":true,"href":"https:\/\/www.orbeconsultores.com\/pulso-ambiental\/wp-json\/wp\/v2\/media\/2579"}],"wp:attachment":[{"href":"https:\/\/www.orbeconsultores.com\/pulso-ambiental\/wp-json\/wp\/v2\/media?parent=2577"}],"wp:term":[{"taxonomy":"category","embeddable":true,"href":"https:\/\/www.orbeconsultores.com\/pulso-ambiental\/wp-json\/wp\/v2\/categories?post=2577"},{"taxonomy":"post_tag","embeddable":true,"href":"https:\/\/www.orbeconsultores.com\/pulso-ambiental\/wp-json\/wp\/v2\/tags?post=2577"}],"curies":[{"name":"wp","href":"https:\/\/api.w.org\/{rel}","templated":true}]}}