{"id":2951,"date":"2025-06-16T11:18:12","date_gmt":"2025-06-16T14:18:12","guid":{"rendered":"https:\/\/www.orbeconsultores.com\/pulso-ambiental\/?p=2951"},"modified":"2025-06-16T11:31:08","modified_gmt":"2025-06-16T14:31:08","slug":"rescate-en-el-desierto-la-mision-de-orbe-para-proteger-al-dragon-de-torres-mura","status":"publish","type":"post","link":"https:\/\/www.orbeconsultores.com\/pulso-ambiental\/2025\/06\/16\/rescate-en-el-desierto-la-mision-de-orbe-para-proteger-al-dragon-de-torres-mura\/","title":{"rendered":"Rescate en el Desierto: La Misi\u00f3n de ORBE para Proteger al Drag\u00f3n de Torres Mura"},"content":{"rendered":"\t\t<div data-elementor-type=\"wp-post\" data-elementor-id=\"2951\" class=\"elementor elementor-2951\">\n\t\t\t\t\t\t\t<div class=\"elementor-element elementor-element-751e763a e-flex e-con-boxed e-con e-parent\" data-id=\"751e763a\" data-element_type=\"container\" data-settings=\"{&quot;content_width&quot;:&quot;boxed&quot;}\" data-core-v316-plus=\"true\">\n\t\t\t\t\t<div class=\"e-con-inner\">\n\t\t\t\t<div class=\"elementor-element elementor-element-72e53e31 elementor-widget elementor-widget-text-editor\" data-id=\"72e53e31\" data-element_type=\"widget\" data-widget_type=\"text-editor.default\">\n\t\t\t\t<div class=\"elementor-widget-container\">\n\t\t\t<style>\/*! elementor - v3.18.0 - 20-12-2023 *\/\n.elementor-widget-text-editor.elementor-drop-cap-view-stacked .elementor-drop-cap{background-color:#69727d;color:#fff}.elementor-widget-text-editor.elementor-drop-cap-view-framed .elementor-drop-cap{color:#69727d;border:3px solid;background-color:transparent}.elementor-widget-text-editor:not(.elementor-drop-cap-view-default) .elementor-drop-cap{margin-top:8px}.elementor-widget-text-editor:not(.elementor-drop-cap-view-default) .elementor-drop-cap-letter{width:1em;height:1em}.elementor-widget-text-editor .elementor-drop-cap{float:left;text-align:center;line-height:1;font-size:50px}.elementor-widget-text-editor .elementor-drop-cap-letter{display:inline-block}<\/style>\t\t\t\t<!-- wp:paragraph --><!-- \/wp:paragraph --><!-- wp:paragraph -->\n<p><img decoding=\"async\" class=\"alignleft\" src=\"https:\/\/www.orbeconsultores.com\/assets\/img\/staff\/javier-bustos.jpg\" \/>Dentro de la vasta diversidad de fauna que habita nuestro pa\u00eds, el norte de Chile alberga algunas de las especies m\u00e1s singulares. As\u00ed lo relata Javier Bustos, encargado de Fauna en <strong>ORBE Ambiental &amp; Legal<\/strong>, quien ha liderado el rescate del Dragon de Torres-Mura en pleno desierto de Atacama.<\/p>\n<p>\u00a0<\/p>\n<!-- \/wp:paragraph --><!-- wp:paragraph -->\n<p>Este proyecto es un ejemplo concreto de que el desarrollo y la conservaci\u00f3n pueden avanzar juntos, guiados por la ciencia, el compromiso y el respeto por la vida silvestre.<\/p>\n<p>\u00a0<\/p>\n<!-- \/wp:paragraph --><!-- wp:paragraph -->\n<h3><strong>\u00bfDe qu\u00e9 se trata el proyecto de rescate y relocalizaci\u00f3n del Drag\u00f3n de Torres Mura en Sierra Gorda?\u00a0\u00a0<\/strong><\/h3>\n<p>\u00a0<\/p>\n<!-- \/wp:paragraph --><!-- wp:paragraph -->\n<p>Es un compromiso ambiental voluntario de la <a href=\"https:\/\/web.mineracentinela.cl\/\" target=\"_blank\" rel=\"noopener\">Minera Centinela<\/a> (AMSA) que contempla la acci\u00f3n de rescate y relocalizaci\u00f3n de individuos de la especie <em>Liolaemus torresi<\/em> que estuviesen presentes en el \u00e1rea del proyecto, traslad\u00e1ndolas hacia sectores preestablecidos que no estar\u00e1n sujetos a intervenci\u00f3n y que est\u00e1n ubicados fuera del \u00e1rea de ejecuci\u00f3n de obras.<\/p>\n<p>\u00a0<\/p>\n<!-- \/wp:paragraph --><!-- wp:paragraph -->\n<blockquote>\n<h3 style=\"text-align: center;\"><strong>\u201cLa especie\u00a0<em>Liolaemus torresi<\/em> (Drag\u00f3n de Torres-Mura) es end\u00e9mica de las regiones de Antofagasta y Tarapac\u00e1, en el norte de Chile. Su distribuci\u00f3n est\u00e1 restringida al desierto de Atacama, y ha sido registrada espec\u00edficamente en estas dos regiones, entre los 100 y 2.600 metros sobre el nivel del mar\u201d.<\/strong><\/h3>\n<\/blockquote>\n<p>\u00a0<\/p>\n<p><img fetchpriority=\"high\" decoding=\"async\" class=\"aligncenter wp-image-2899 size-large\" src=\"https:\/\/www.orbeconsultores.com\/pulso-ambiental\/wp-content\/uploads\/2025\/06\/fotos-javier-2-5-1024x472.jpeg\" alt=\"Drag\u00f3n de Torres Mura\" width=\"1024\" height=\"472\" srcset=\"https:\/\/www.orbeconsultores.com\/pulso-ambiental\/wp-content\/uploads\/2025\/06\/fotos-javier-2-5-1024x472.jpeg 1024w, https:\/\/www.orbeconsultores.com\/pulso-ambiental\/wp-content\/uploads\/2025\/06\/fotos-javier-2-5-300x138.jpeg 300w, https:\/\/www.orbeconsultores.com\/pulso-ambiental\/wp-content\/uploads\/2025\/06\/fotos-javier-2-5-768x354.jpeg 768w, https:\/\/www.orbeconsultores.com\/pulso-ambiental\/wp-content\/uploads\/2025\/06\/fotos-javier-2-5-1536x708.jpeg 1536w, https:\/\/www.orbeconsultores.com\/pulso-ambiental\/wp-content\/uploads\/2025\/06\/fotos-javier-2-5-675x311.jpeg 675w, https:\/\/www.orbeconsultores.com\/pulso-ambiental\/wp-content\/uploads\/2025\/06\/fotos-javier-2-5-1400x646.jpeg 1400w, https:\/\/www.orbeconsultores.com\/pulso-ambiental\/wp-content\/uploads\/2025\/06\/fotos-javier-2-5.jpeg 1600w\" sizes=\"(max-width: 1024px) 100vw, 1024px\" \/><\/p>\n<!-- \/wp:paragraph --><!-- wp:paragraph -->\n<h3><strong>\u00bfQu\u00e9 estudios previos se realizan antes de la relocalizaci\u00f3n del Drag\u00f3n de Torres Mura?\u00a0<\/strong><\/h3>\n<p>\u00a0<\/p>\n<!-- \/wp:paragraph --><!-- wp:paragraph -->\n<p>Se realiza una revisi\u00f3n bibliogr\u00e1fica previa a las actividades, para entender la Ecolog\u00eda de la especie y as\u00ed entender las estrategias de comportamiento que utilizan para maximizar su \u00e9xito reproductivo y supervivencia en estado natural. Esto nos facilita, la revisi\u00f3n de sectores potenciales que abarquen el rango de hogar del Drag\u00f3n de Torres Mura.<\/p>\n<p>\u00a0<\/p>\n<!-- \/wp:paragraph --><!-- wp:paragraph -->\n<blockquote>\n<h3 style=\"text-align: center;\"><strong><em>\u201c<\/em>El <em>Liolaemus torresi<\/em>\u00a0vive en zonas \u00e1ridas y casi sin vegetaci\u00f3n del desierto de Atacama, donde se refugia bajo piedras o en cuevas poco profundas. Usa rocas como perchas y regula su temperatura levantando la cola y patas o jadeando.\u201d<\/strong><\/h3>\n<\/blockquote>\n<p>\u00a0<\/p>\n<!-- \/wp:paragraph --><!-- wp:paragraph -->\n<h3><strong>\u00bfQu\u00e9 criterios cient\u00edficos o t\u00e9cnicos se utilizan para seleccionar el nuevo h\u00e1bitat de la especie?\u00a0\u00a0<\/strong><\/h3>\n<p>\u00a0<\/p>\n<!-- \/wp:paragraph --><!-- wp:paragraph -->\n<p>Que presente caracter\u00edsticas de h\u00e1bitat similar al \u00e1rea de captura, como la altitud, la presencia de quebradas y piedras de mediano tama\u00f1o, adem\u00e1s de un sustrato y cavidades naturales que sirvan para potenciales refugios y protecci\u00f3n para los reptiles relocalizados. Tambi\u00e9n es importante asegurar que el \u00e1rea de relocalizaci\u00f3n no ser\u00e1 intervenida y\/o influenciada por el Proyecto, garantizando su protecci\u00f3n en el mediano a largo plazo.<\/p>\n<p>\u00a0<\/p>\n<!-- \/wp:paragraph --><!-- wp:paragraph -->\n<h3><strong>\u00bfC\u00f3mo se monitorea la adaptaci\u00f3n del Drag\u00f3n de Torres Mura despu\u00e9s de su relocalizaci\u00f3n?\u00a0\u00a0<\/strong><\/h3>\n<p>\u00a0<\/p>\n<!-- \/wp:paragraph --><!-- wp:paragraph -->\n<p>Luego de su captura, se marca con un c\u00f3digo (pintura) y se realizan seguimientos de las especies marcadas en el \u00e1rea de relocalizaci\u00f3n. Esto se complementa con la instalaci\u00f3n de c\u00e1maras trampas en las potenciales madrigueras y una prospecci\u00f3n diurna en todo el sitio durante m\u00ednimo cuatro campa\u00f1as.<\/p>\n<p>\u00a0<\/p>\n<!-- \/wp:paragraph --><!-- wp:paragraph -->\n<h3><strong>\u00bfQu\u00e9 medidas de mitigaci\u00f3n se aplican para evitar impactos negativos durante el rescate y traslado?\u00a0\u00a0<\/strong><\/h3>\n<p>\u00a0<\/p>\n<!-- \/wp:paragraph --><!-- wp:paragraph -->\n<p>Para la captura, los reptiles son almacenados en bolsas de tela o en contenedores de pl\u00e1stico (terrarios) con tapas perforadas que aseguren la ventilaci\u00f3n necesaria para mantener a los individuos en buen estado.<\/p>\n<p>\u00a0<\/p>\n<p>Luego en el transporte se bloquea la vista a los animales colectados, minimizando el estr\u00e9s del cautiverio. Los terrarios se ubican en un lugar fresco y alejado de la exposici\u00f3n solar directa.<\/p>\n<p>\u00a0<\/p>\n<p>Durante el traslado desde el \u00e1rea de captura al \u00e1rea de relocalizaci\u00f3n, se debe asegurar una manipulaci\u00f3n cuidadosa que evite movimientos bruscos y mantenga los terrarios en una posici\u00f3n estable, para garantizar la seguridad de los individuos y evitar un estr\u00e9s adicional. Buscando un \u00e9xito en la relocalizaci\u00f3n, la liberaci\u00f3n transcurrir\u00e1 durante el mismo d\u00eda de captura con un m\u00e1ximo de ocho horas de cautiverio.<\/p>\n<p>\u00a0<\/p>\n<p>Con este proyecto en el norte de Chile, demostramos que se puede trabajar junto a la ciencia y el desarrollo del pa\u00eds. Buscamos ese compromiso de proteger la vida silvestre end\u00e9mica y nativa de Chile.<\/p>\n<p>\u00a0<\/p>\n<p>En tiempos donde el cambio clim\u00e1tico y la p\u00e9rdida de biodiversidad son desaf\u00edos globales, en ORBE tenemos claro que el verdadero progreso es aquel que deja huella sin borrar lo que nos hace \u00fanicos.<\/p>\n<p>\u00a0<\/p>\n<p>Encuentra m\u00e1s detalles de nuestra \u00e1rea de fauna en nuestro <a href=\"https:\/\/www.orbeconsultores.com\/especialidad-fauna\">sitio web<\/a>.<\/p>\n<p>\u00a0<\/p>\n<!-- \/wp:paragraph -->\t\t\t\t\t\t<\/div>\n\t\t\t\t<\/div>\n\t\t\t\t\t<\/div>\n\t\t\t\t<\/div>\n\t\t\t\t\t\t\t<\/div>\n\t\t","protected":false},"excerpt":{"rendered":"<p>Dentro de la vasta diversidad de fauna que habita nuestro pa\u00eds, el norte de Chile alberga algunas de las especies m\u00e1s singulares. As\u00ed lo relata Javier Bustos, encargado de Fauna en ORBE Ambiental &amp; Legal, quien ha liderado el rescate del Dragon de Torres-Mura en pleno desierto de Atacama. \u00a0 Este proyecto es un ejemplo [&hellip;]<\/p>\n","protected":false},"author":4,"featured_media":2922,"comment_status":"open","ping_status":"open","sticky":false,"template":"","format":"standard","meta":{"footnotes":""},"categories":[51],"tags":[421,62,322,252,422,54],"class_list":["post-2951","post","type-post","status-publish","format-standard","has-post-thumbnail","hentry","category-pulso-ambiental","tag-dragon-de-torres-mura","tag-fauna-nativa","tag-javier-bustos","tag-medioambiente","tag-minera-centinela","tag-orbe"],"_links":{"self":[{"href":"https:\/\/www.orbeconsultores.com\/pulso-ambiental\/wp-json\/wp\/v2\/posts\/2951","targetHints":{"allow":["GET"]}}],"collection":[{"href":"https:\/\/www.orbeconsultores.com\/pulso-ambiental\/wp-json\/wp\/v2\/posts"}],"about":[{"href":"https:\/\/www.orbeconsultores.com\/pulso-ambiental\/wp-json\/wp\/v2\/types\/post"}],"author":[{"embeddable":true,"href":"https:\/\/www.orbeconsultores.com\/pulso-ambiental\/wp-json\/wp\/v2\/users\/4"}],"replies":[{"embeddable":true,"href":"https:\/\/www.orbeconsultores.com\/pulso-ambiental\/wp-json\/wp\/v2\/comments?post=2951"}],"version-history":[{"count":18,"href":"https:\/\/www.orbeconsultores.com\/pulso-ambiental\/wp-json\/wp\/v2\/posts\/2951\/revisions"}],"predecessor-version":[{"id":2969,"href":"https:\/\/www.orbeconsultores.com\/pulso-ambiental\/wp-json\/wp\/v2\/posts\/2951\/revisions\/2969"}],"wp:featuredmedia":[{"embeddable":true,"href":"https:\/\/www.orbeconsultores.com\/pulso-ambiental\/wp-json\/wp\/v2\/media\/2922"}],"wp:attachment":[{"href":"https:\/\/www.orbeconsultores.com\/pulso-ambiental\/wp-json\/wp\/v2\/media?parent=2951"}],"wp:term":[{"taxonomy":"category","embeddable":true,"href":"https:\/\/www.orbeconsultores.com\/pulso-ambiental\/wp-json\/wp\/v2\/categories?post=2951"},{"taxonomy":"post_tag","embeddable":true,"href":"https:\/\/www.orbeconsultores.com\/pulso-ambiental\/wp-json\/wp\/v2\/tags?post=2951"}],"curies":[{"name":"wp","href":"https:\/\/api.w.org\/{rel}","templated":true}]}}