{"id":3262,"date":"2025-11-17T12:56:13","date_gmt":"2025-11-17T15:56:13","guid":{"rendered":"https:\/\/www.orbeconsultores.com\/pulso-ambiental\/?p=3262"},"modified":"2025-11-17T12:58:00","modified_gmt":"2025-11-17T15:58:00","slug":"orbe-ambiental-legal-estuvo-presente-en-el-encuentro-anual-aic-2025-impulsando-una-vision-sostenible-para-la-infraestructura","status":"publish","type":"post","link":"https:\/\/www.orbeconsultores.com\/pulso-ambiental\/2025\/11\/17\/orbe-ambiental-legal-estuvo-presente-en-el-encuentro-anual-aic-2025-impulsando-una-vision-sostenible-para-la-infraestructura\/","title":{"rendered":"ORBE Ambiental &amp; Legal estuvo presente en el Encuentro Anual AIC 2025: Impulsando una visi\u00f3n sostenible para la infraestructura"},"content":{"rendered":"\t\t<div data-elementor-type=\"wp-post\" data-elementor-id=\"3262\" class=\"elementor elementor-3262\">\n\t\t\t\t\t\t\t<div class=\"elementor-element elementor-element-2b42add8 e-flex e-con-boxed e-con e-parent\" data-id=\"2b42add8\" data-element_type=\"container\" data-settings=\"{&quot;content_width&quot;:&quot;boxed&quot;}\" data-core-v316-plus=\"true\">\n\t\t\t\t\t<div class=\"e-con-inner\">\n\t\t\t\t<div class=\"elementor-element elementor-element-bbb3430 elementor-widget elementor-widget-text-editor\" data-id=\"bbb3430\" data-element_type=\"widget\" data-widget_type=\"text-editor.default\">\n\t\t\t\t<div class=\"elementor-widget-container\">\n\t\t\t<style>\/*! elementor - v3.18.0 - 20-12-2023 *\/\n.elementor-widget-text-editor.elementor-drop-cap-view-stacked .elementor-drop-cap{background-color:#69727d;color:#fff}.elementor-widget-text-editor.elementor-drop-cap-view-framed .elementor-drop-cap{color:#69727d;border:3px solid;background-color:transparent}.elementor-widget-text-editor:not(.elementor-drop-cap-view-default) .elementor-drop-cap{margin-top:8px}.elementor-widget-text-editor:not(.elementor-drop-cap-view-default) .elementor-drop-cap-letter{width:1em;height:1em}.elementor-widget-text-editor .elementor-drop-cap{float:left;text-align:center;line-height:1;font-size:50px}.elementor-widget-text-editor .elementor-drop-cap-letter{display:inline-block}<\/style>\t\t\t\t<!-- wp:paragraph -->\n<p>El pasado <strong>13 de noviembre<\/strong>, <a href=\"http:\/\/orbeconsultores.com\">ORBE Ambiental &amp; Legal<\/a> tuvo el privilegio de participar y auspiciar el <strong>Encuentro Anual <a href=\"http:\/\/aic.cl\" target=\"_blank\" rel=\"noopener\">AIC<\/a> 2025<\/strong>, un evento que super\u00f3 todas las expectativas y reafirm\u00f3 la importancia de la ingenier\u00eda en el desarrollo del pa\u00eds. Bajo el lema <strong>\u201cInfraestructura eficiente: soluciones compartidas\u201d<\/strong>, l\u00edderes del sector se reunieron para proyectar un futuro m\u00e1s conectado, innovador y colaborativo.<\/p>\n<p>\u00a0<\/p>\n<p><img fetchpriority=\"high\" decoding=\"async\" class=\"alignleft wp-image-3266 size-full\" src=\"https:\/\/www.orbeconsultores.com\/pulso-ambiental\/wp-content\/uploads\/2025\/11\/WhatsApp-Image-2025-11-17-at-12.15.19-PM-scaled.jpeg\" alt=\"ORBE en el encuentro anual AIC 2025\" width=\"2560\" height=\"1920\" srcset=\"https:\/\/www.orbeconsultores.com\/pulso-ambiental\/wp-content\/uploads\/2025\/11\/WhatsApp-Image-2025-11-17-at-12.15.19-PM-scaled.jpeg 2560w, https:\/\/www.orbeconsultores.com\/pulso-ambiental\/wp-content\/uploads\/2025\/11\/WhatsApp-Image-2025-11-17-at-12.15.19-PM-300x225.jpeg 300w, https:\/\/www.orbeconsultores.com\/pulso-ambiental\/wp-content\/uploads\/2025\/11\/WhatsApp-Image-2025-11-17-at-12.15.19-PM-1024x768.jpeg 1024w, https:\/\/www.orbeconsultores.com\/pulso-ambiental\/wp-content\/uploads\/2025\/11\/WhatsApp-Image-2025-11-17-at-12.15.19-PM-768x576.jpeg 768w, https:\/\/www.orbeconsultores.com\/pulso-ambiental\/wp-content\/uploads\/2025\/11\/WhatsApp-Image-2025-11-17-at-12.15.19-PM-1536x1152.jpeg 1536w, https:\/\/www.orbeconsultores.com\/pulso-ambiental\/wp-content\/uploads\/2025\/11\/WhatsApp-Image-2025-11-17-at-12.15.19-PM-2048x1536.jpeg 2048w, https:\/\/www.orbeconsultores.com\/pulso-ambiental\/wp-content\/uploads\/2025\/11\/WhatsApp-Image-2025-11-17-at-12.15.19-PM-675x506.jpeg 675w, https:\/\/www.orbeconsultores.com\/pulso-ambiental\/wp-content\/uploads\/2025\/11\/WhatsApp-Image-2025-11-17-at-12.15.19-PM-1400x1050.jpeg 1400w, https:\/\/www.orbeconsultores.com\/pulso-ambiental\/wp-content\/uploads\/2025\/11\/WhatsApp-Image-2025-11-17-at-12.15.19-PM-1920x1440.jpeg 1920w\" sizes=\"(max-width: 2560px) 100vw, 2560px\" \/><\/p>\n<!-- \/wp:paragraph --><!-- wp:paragraph -->\n<p>\u00a0<\/p>\n<p>Nuestra presencia en este encuentro no solo refleja el compromiso con la excelencia t\u00e9cnica, sino tambi\u00e9n con la <strong>integraci\u00f3n de criterios ambientales y legales en la planificaci\u00f3n y ejecuci\u00f3n de proyectos de infraestructura<\/strong>. Creemos que la sostenibilidad es clave para avanzar hacia soluciones que beneficien a las comunidades y al entorno.<\/p>\n<p>\u00a0<\/p>\n<!-- \/wp:paragraph --><!-- wp:paragraph -->\n<p>La jornada estuvo marcada por reflexiones estrat\u00e9gicas sobre modernizaci\u00f3n, colaboraci\u00f3n p\u00fablico-privada y reconocimiento a proyectos que elevan el est\u00e1ndar de la ingenier\u00eda nacional. ORBE aport\u00f3 su mirada medioambiental, reforzando la necesidad de que el desarrollo vaya de la mano con la protecci\u00f3n del entorno y el cumplimiento normativo.<\/p>\n<p><img decoding=\"async\" class=\"alignleft wp-image-3267 size-full\" src=\"https:\/\/www.orbeconsultores.com\/pulso-ambiental\/wp-content\/uploads\/2025\/11\/WhatsApp-Image-2025-11-17-at-12.15.08-PM-scaled.jpeg\" alt=\"ORBE en el encuentro anual AIC 2025\" width=\"2560\" height=\"1440\" srcset=\"https:\/\/www.orbeconsultores.com\/pulso-ambiental\/wp-content\/uploads\/2025\/11\/WhatsApp-Image-2025-11-17-at-12.15.08-PM-scaled.jpeg 2560w, https:\/\/www.orbeconsultores.com\/pulso-ambiental\/wp-content\/uploads\/2025\/11\/WhatsApp-Image-2025-11-17-at-12.15.08-PM-300x169.jpeg 300w, https:\/\/www.orbeconsultores.com\/pulso-ambiental\/wp-content\/uploads\/2025\/11\/WhatsApp-Image-2025-11-17-at-12.15.08-PM-1024x576.jpeg 1024w, https:\/\/www.orbeconsultores.com\/pulso-ambiental\/wp-content\/uploads\/2025\/11\/WhatsApp-Image-2025-11-17-at-12.15.08-PM-768x432.jpeg 768w, https:\/\/www.orbeconsultores.com\/pulso-ambiental\/wp-content\/uploads\/2025\/11\/WhatsApp-Image-2025-11-17-at-12.15.08-PM-1536x864.jpeg 1536w, https:\/\/www.orbeconsultores.com\/pulso-ambiental\/wp-content\/uploads\/2025\/11\/WhatsApp-Image-2025-11-17-at-12.15.08-PM-2048x1152.jpeg 2048w, https:\/\/www.orbeconsultores.com\/pulso-ambiental\/wp-content\/uploads\/2025\/11\/WhatsApp-Image-2025-11-17-at-12.15.08-PM-675x380.jpeg 675w, https:\/\/www.orbeconsultores.com\/pulso-ambiental\/wp-content\/uploads\/2025\/11\/WhatsApp-Image-2025-11-17-at-12.15.08-PM-1400x788.jpeg 1400w, https:\/\/www.orbeconsultores.com\/pulso-ambiental\/wp-content\/uploads\/2025\/11\/WhatsApp-Image-2025-11-17-at-12.15.08-PM-1920x1080.jpeg 1920w\" sizes=\"(max-width: 2560px) 100vw, 2560px\" \/><\/p>\n<!-- \/wp:paragraph --><!-- wp:paragraph -->\n<p><strong>Estamos orgullosos de haber sido parte de este espacio que impulsa ideas, genera oportunidades y promueve un futuro m\u00e1s sostenible para Chile.<\/strong><\/p>\n<!-- \/wp:paragraph --><!-- wp:paragraph -->\n<p><br \/>\u00a1Gracias a la AIC y a todos quienes hicieron posible esta jornada!<\/p>\n<!-- \/wp:paragraph --><!-- wp:paragraph -->\n<p><br \/><strong>Nos vemos en el Encuentro Anual AIC 2026.<\/strong><\/p>\n<!-- \/wp:paragraph -->\t\t\t\t\t\t<\/div>\n\t\t\t\t<\/div>\n\t\t\t\t\t<\/div>\n\t\t\t\t<\/div>\n\t\t\t\t\t\t\t<\/div>\n\t\t","protected":false},"excerpt":{"rendered":"<p>El Encuentro Anual AIC 2025 marc\u00f3 un hito para la ingenier\u00eda chilena.<br \/>\nBajo el lema \u201cInfraestructura eficiente: soluciones compartidas\u201d, l\u00edderes del sector se reunieron para impulsar innovaci\u00f3n y colaboraci\u00f3n.<br \/>\nSe destacaron proyectos y profesionales que elevan el est\u00e1ndar nacional.<br \/>\nLa AIC reafirm\u00f3 su rol como articulador de ideas y oportunidades para el desarrollo del pa\u00eds.<br \/>\n\u00a1Nos vemos en el pr\u00f3ximo AIC 2026 para seguir construyendo futuro!<\/p>\n","protected":false},"author":4,"featured_media":3263,"comment_status":"open","ping_status":"open","sticky":false,"template":"","format":"standard","meta":{"footnotes":""},"categories":[51],"tags":[454,455,456,54],"class_list":["post-3262","post","type-post","status-publish","format-standard","has-post-thumbnail","hentry","category-pulso-ambiental","tag-aic","tag-eduardo-frei","tag-infraestructura","tag-orbe"],"_links":{"self":[{"href":"https:\/\/www.orbeconsultores.com\/pulso-ambiental\/wp-json\/wp\/v2\/posts\/3262","targetHints":{"allow":["GET"]}}],"collection":[{"href":"https:\/\/www.orbeconsultores.com\/pulso-ambiental\/wp-json\/wp\/v2\/posts"}],"about":[{"href":"https:\/\/www.orbeconsultores.com\/pulso-ambiental\/wp-json\/wp\/v2\/types\/post"}],"author":[{"embeddable":true,"href":"https:\/\/www.orbeconsultores.com\/pulso-ambiental\/wp-json\/wp\/v2\/users\/4"}],"replies":[{"embeddable":true,"href":"https:\/\/www.orbeconsultores.com\/pulso-ambiental\/wp-json\/wp\/v2\/comments?post=3262"}],"version-history":[{"count":5,"href":"https:\/\/www.orbeconsultores.com\/pulso-ambiental\/wp-json\/wp\/v2\/posts\/3262\/revisions"}],"predecessor-version":[{"id":3270,"href":"https:\/\/www.orbeconsultores.com\/pulso-ambiental\/wp-json\/wp\/v2\/posts\/3262\/revisions\/3270"}],"wp:featuredmedia":[{"embeddable":true,"href":"https:\/\/www.orbeconsultores.com\/pulso-ambiental\/wp-json\/wp\/v2\/media\/3263"}],"wp:attachment":[{"href":"https:\/\/www.orbeconsultores.com\/pulso-ambiental\/wp-json\/wp\/v2\/media?parent=3262"}],"wp:term":[{"taxonomy":"category","embeddable":true,"href":"https:\/\/www.orbeconsultores.com\/pulso-ambiental\/wp-json\/wp\/v2\/categories?post=3262"},{"taxonomy":"post_tag","embeddable":true,"href":"https:\/\/www.orbeconsultores.com\/pulso-ambiental\/wp-json\/wp\/v2\/tags?post=3262"}],"curies":[{"name":"wp","href":"https:\/\/api.w.org\/{rel}","templated":true}]}}