{"id":3565,"date":"2026-03-04T13:25:36","date_gmt":"2026-03-04T16:25:36","guid":{"rendered":"https:\/\/www.orbeconsultores.com\/pulso-ambiental\/?p=3565"},"modified":"2026-03-05T08:53:56","modified_gmt":"2026-03-05T11:53:56","slug":"sector-publico-y-privado-se-reunen-en-seminario-sobre-desafios-arqueologicos-y-paleontologicos-frente-a-proyectos-en-chile","status":"publish","type":"post","link":"https:\/\/www.orbeconsultores.com\/pulso-ambiental\/2026\/03\/04\/sector-publico-y-privado-se-reunen-en-seminario-sobre-desafios-arqueologicos-y-paleontologicos-frente-a-proyectos-en-chile\/","title":{"rendered":"Sector p\u00fablico y privado se re\u00fanen en seminario sobre desaf\u00edos arqueol\u00f3gicos y paleontol\u00f3gicos frente a proyectos en Chile\u00a0"},"content":{"rendered":"\t\t<div data-elementor-type=\"wp-post\" data-elementor-id=\"3565\" class=\"elementor elementor-3565\">\n\t\t\t\t\t\t\t<div class=\"elementor-element elementor-element-18740da2 e-flex e-con-boxed e-con e-parent\" data-id=\"18740da2\" data-element_type=\"container\" data-settings=\"{&quot;content_width&quot;:&quot;boxed&quot;}\" data-core-v316-plus=\"true\">\n\t\t\t\t\t<div class=\"e-con-inner\">\n\t\t\t\t<div class=\"elementor-element elementor-element-3552c1ef elementor-widget elementor-widget-text-editor\" data-id=\"3552c1ef\" data-element_type=\"widget\" data-widget_type=\"text-editor.default\">\n\t\t\t\t<div class=\"elementor-widget-container\">\n\t\t\t<style>\/*! elementor - v3.18.0 - 20-12-2023 *\/\n.elementor-widget-text-editor.elementor-drop-cap-view-stacked .elementor-drop-cap{background-color:#69727d;color:#fff}.elementor-widget-text-editor.elementor-drop-cap-view-framed .elementor-drop-cap{color:#69727d;border:3px solid;background-color:transparent}.elementor-widget-text-editor:not(.elementor-drop-cap-view-default) .elementor-drop-cap{margin-top:8px}.elementor-widget-text-editor:not(.elementor-drop-cap-view-default) .elementor-drop-cap-letter{width:1em;height:1em}.elementor-widget-text-editor .elementor-drop-cap{float:left;text-align:center;line-height:1;font-size:50px}.elementor-widget-text-editor .elementor-drop-cap-letter{display:inline-block}<\/style>\t\t\t\t<!-- wp:paragraph -->\n<blockquote>\n<p>Escrito por Javiera Pizzoleo<\/p>\n<\/blockquote>\n<p>El pr\u00f3ximo 26 de marzo de 2026 se llevar\u00e1 a cabo el\u202f<strong>seminario &#8220;Arqueolog\u00eda y Paleontolog\u00eda frente a los proyectos de Miner\u00eda, Energ\u00eda, Infraestructura e Industria en Chile&#8221;.<\/strong>\u202fEste encuentro, organizado por ORBE Ambiental &amp; Legal, surge en un momento donde la gesti\u00f3n de restos materiales se ha vuelto un factor determinante para la viabilidad de cualquier obra en el pa\u00eds.\u00a0<\/p>\n<p>\u00a0<\/p>\n<!-- \/wp:paragraph --><!-- wp:paragraph -->\n<p>El objetivo central de este encuentro\u00a0es\u00a0contribuir a una mejor gesti\u00f3n ambiental del patrimonio, fortaleciendo el conocimiento t\u00e9cnico y el di\u00e1logo entre todos los actores involucrados: autoridad, consultores, titulares de proyectos y entidades vinculadas a la custodia del patrimonio.\u00a0\u00a0\u00a0<\/p>\n<p>\u00a0<\/p>\n<!-- \/wp:paragraph --><!-- wp:paragraph -->\n<p>En este contexto,\u00a0<strong>Javiera Arriagada, jefa de Arqueolog\u00eda de Orbe,<\/strong>\u00a0destac\u00f3 la necesidad de repensar la protecci\u00f3n patrimonial m\u00e1s all\u00e1 de la excavaci\u00f3n.\u00a0\u201cEs com\u00fan que el rescate de los hallazgos arqueol\u00f3gicos, con un alto grado de fragmentaci\u00f3n, terminen en los dep\u00f3sitos de los museos sin posibilidad de ser exhibidos al p\u00fablico. Por ello, es fundamental proponer alternativas de difusi\u00f3n innovadoras que logren compensar de forma efectiva el impacto de las obras sobre los bienes patrimoniales&#8221;.\u00a0<\/p>\n<p>\u00a0<\/p>\n<!-- \/wp:paragraph --><!-- wp:paragraph -->\n<p>Arriagada sostuvo que difundir es proteger, y que invitar a la ciudadan\u00eda a participar en el rescate de su propia historia puede cambiar la percepci\u00f3n social de un proyecto.\u00a0&#8220;Cuando la comunidad comprende la historia de su territorio, desarrolla un v\u00ednculo emocional con su entorno que la motiva a cuidarlo y valorarlo m\u00e1s&#8221;.\u00a0<\/p>\n<p>\u00a0<\/p>\n<!-- \/wp:paragraph --><!-- wp:paragraph -->\n<p>Por su parte,<strong>\u00a0Ricardo Riffo, jefe de Paleontolog\u00eda de ORBE Ambiental &amp; Legal,\u00a0<\/strong>este seminario es una respuesta a la realidad actual\u202fque enfrentan los diversos proyectos de infraestructura, miner\u00eda y energ\u00eda en el pa\u00eds:\u00a0\u201cEn el escenario actual, el manejo de los bienes paleontol\u00f3gicos se ha vuelto un elemento crucial para asegurar la factibilidad, el cumplimiento de los cronogramas y la operatividad de las inversiones en el pa\u00eds. Existe la necesidad de implementar una estrategia t\u00e9cnica preventiva que est\u00e9 en sinton\u00eda con las exigencias de los organismos reguladores\u201d,\u00a0sostuvo.\u00a0<\/p>\n<p>\u00a0<\/p>\n<!-- \/wp:paragraph --><!-- wp:paragraph -->\n<h3><strong>Sector p\u00fablico y privado conversan sobre el cuidado del patrimonio sin afectar los proyectos<\/strong>\u00a0<\/h3>\n<!-- \/wp:paragraph --><!-- wp:paragraph -->\n<p>El seminario contar\u00e1 con la participaci\u00f3n directa de organismos como el Consejo de Monumentos Nacionales (CMN) y el <a href=\"https:\/\/www.sea.gob.cl\/\" target=\"_blank\" rel=\"noopener\">Servicio de Evaluaci\u00f3n Ambiental<\/a> (SEA), el Museo de Historia Natural de Concepci\u00f3n, METRO,\u00a0Empresa de los Ferrocarriles del\u00a0Estado (EFE)\u00a0y <a href=\"https:\/\/www.aminerals.cl\/\" target=\"_blank\" rel=\"noopener\">Antofagasta\u00a0Minerals<\/a>\u00a0(AMSA). Adem\u00e1s de la presentaci\u00f3n de la jefa de Arqueolog\u00eda de ORBE, Javiera Arriagada y el jefe de Paleontolog\u00eda de ORBE, Ricardo Riffo. \u202f\u202f\u00a0<\/p>\n<p>\u00a0<\/p>\n<!-- \/wp:paragraph --><!-- wp:paragraph -->\n<p>Esta instancia busca que los titulares de proyectos y consultores comprendan con claridad qu\u00e9 espera la autoridad,\u202freduciendo as\u00ed el riesgo de observaciones, sanciones o paralizaciones\u202finnecesarias por hallazgos no previstos.\u00a0<\/p>\n<p>\u00a0<\/p>\n<!-- \/wp:paragraph --><!-- wp:paragraph -->\n<p>\u201cNuestra meta principal es\u00a0poder llegar a criterios claros que permitan disminuir la incertidumbre respecto a las exigencias t\u00e9cnicas de los organismos del Estado, en particular con el Consejo de\u00a0Monumentos Nacionales\u00a0y\u00a0el\u00a0SEA,\u00a0de\u00a0manera que conversen tanto el\u00a0conocimiento t\u00e9cnico\u00a0como los cumplimientos normativos.\u00a0Debemos estar alineados los\u00a0equipos de consultor\u00eda,\u00a0los\u00a0inversionistas y las instituciones encargadas de resguardar estos hallazgos\u201d, sostuvo Riffo.\u00a0<\/p>\n<p>\u00a0<\/p>\n<p>Encuentra m\u00e1s informaci\u00f3n <a href=\"https:\/\/www.orbeconsultores.com\/seminario-arqueologia-paleontologia\">aqu\u00ed<\/a>.<\/p>\n<!-- \/wp:paragraph -->\t\t\t\t\t\t<\/div>\n\t\t\t\t<\/div>\n\t\t\t\t\t<\/div>\n\t\t\t\t<\/div>\n\t\t<div class=\"elementor-element elementor-element-b6b1af9 e-flex e-con-boxed e-con e-parent\" data-id=\"b6b1af9\" data-element_type=\"container\" data-settings=\"{&quot;content_width&quot;:&quot;boxed&quot;}\" data-core-v316-plus=\"true\">\n\t\t\t\t\t<div class=\"e-con-inner\">\n\t\t\t\t<div class=\"elementor-element elementor-element-e95e5c2 elementor-widget elementor-widget-image-gallery\" data-id=\"e95e5c2\" data-element_type=\"widget\" data-widget_type=\"image-gallery.default\">\n\t\t\t\t<div class=\"elementor-widget-container\">\n\t\t\t<style>\/*! elementor - v3.18.0 - 20-12-2023 *\/\n.elementor-image-gallery .gallery-item{display:inline-block;text-align:center;vertical-align:top;width:100%;max-width:100%;margin:0 auto}.elementor-image-gallery .gallery-item img{margin:0 auto}.elementor-image-gallery .gallery-item .gallery-caption{margin:0}.elementor-image-gallery figure img{display:block}.elementor-image-gallery figure figcaption{width:100%}.gallery-spacing-custom .elementor-image-gallery .gallery-icon{padding:0}@media (min-width:768px){.elementor-image-gallery .gallery-columns-2 .gallery-item{max-width:50%}.elementor-image-gallery .gallery-columns-3 .gallery-item{max-width:33.33%}.elementor-image-gallery .gallery-columns-4 .gallery-item{max-width:25%}.elementor-image-gallery .gallery-columns-5 .gallery-item{max-width:20%}.elementor-image-gallery .gallery-columns-6 .gallery-item{max-width:16.666%}.elementor-image-gallery .gallery-columns-7 .gallery-item{max-width:14.28%}.elementor-image-gallery .gallery-columns-8 .gallery-item{max-width:12.5%}.elementor-image-gallery .gallery-columns-9 .gallery-item{max-width:11.11%}.elementor-image-gallery .gallery-columns-10 .gallery-item{max-width:10%}}@media (min-width:480px) and (max-width:767px){.elementor-image-gallery .gallery.gallery-columns-2 .gallery-item,.elementor-image-gallery .gallery.gallery-columns-3 .gallery-item,.elementor-image-gallery .gallery.gallery-columns-4 .gallery-item,.elementor-image-gallery .gallery.gallery-columns-5 .gallery-item,.elementor-image-gallery .gallery.gallery-columns-6 .gallery-item,.elementor-image-gallery .gallery.gallery-columns-7 .gallery-item,.elementor-image-gallery .gallery.gallery-columns-8 .gallery-item,.elementor-image-gallery .gallery.gallery-columns-9 .gallery-item,.elementor-image-gallery .gallery.gallery-columns-10 .gallery-item{max-width:50%}}@media (max-width:479px){.elementor-image-gallery .gallery.gallery-columns-2 .gallery-item,.elementor-image-gallery .gallery.gallery-columns-3 .gallery-item,.elementor-image-gallery .gallery.gallery-columns-4 .gallery-item,.elementor-image-gallery .gallery.gallery-columns-5 .gallery-item,.elementor-image-gallery .gallery.gallery-columns-6 .gallery-item,.elementor-image-gallery .gallery.gallery-columns-7 .gallery-item,.elementor-image-gallery .gallery.gallery-columns-8 .gallery-item,.elementor-image-gallery .gallery.gallery-columns-9 .gallery-item,.elementor-image-gallery .gallery.gallery-columns-10 .gallery-item{max-width:100%}}<\/style>\t\t<div class=\"elementor-image-gallery\">\n\t\t\t\n\t\t<style type=\"text\/css\">\n\t\t\t#gallery-1 {\n\t\t\t\tmargin: auto;\n\t\t\t}\n\t\t\t#gallery-1 .gallery-item {\n\t\t\t\tfloat: left;\n\t\t\t\tmargin-top: 10px;\n\t\t\t\ttext-align: center;\n\t\t\t\twidth: 50%;\n\t\t\t}\n\t\t\t#gallery-1 img {\n\t\t\t\tborder: 2px solid #cfcfcf;\n\t\t\t}\n\t\t\t#gallery-1 .gallery-caption {\n\t\t\t\tmargin-left: 0;\n\t\t\t}\n\t\t\t\/* see gallery_shortcode() in wp-includes\/media.php *\/\n\t\t<\/style>\n\t\t<div id='gallery-1' class='gallery galleryid-3565 gallery-columns-2 gallery-size-large'><dl class='gallery-item'>\n\t\t\t<dt class='gallery-icon portrait'>\n\t\t\t\t<a data-elementor-open-lightbox=\"yes\" data-elementor-lightbox-slideshow=\"e95e5c2\" data-elementor-lightbox-title=\"ORBE-seminario-perfiles- (6)\" data-e-action-hash=\"#elementor-action%3Aaction%3Dlightbox%26settings%3DeyJpZCI6MzU2OSwidXJsIjoiaHR0cHM6XC9cL3d3dy5vcmJlY29uc3VsdG9yZXMuY29tXC9wdWxzby1hbWJpZW50YWxcL3dwLWNvbnRlbnRcL3VwbG9hZHNcLzIwMjZcLzAzXC9PUkJFLXNlbWluYXJpby1wZXJmaWxlcy02LmpwZyIsInNsaWRlc2hvdyI6ImU5NWU1YzIifQ%3D%3D\" href=\"https:\/\/www.orbeconsultores.com\/pulso-ambiental\/wp-content\/uploads\/2026\/03\/ORBE-seminario-perfiles-6.jpg\"><img fetchpriority=\"high\" decoding=\"async\" width=\"819\" height=\"1024\" src=\"https:\/\/www.orbeconsultores.com\/pulso-ambiental\/wp-content\/uploads\/2026\/03\/ORBE-seminario-perfiles-6-819x1024.jpg\" class=\"attachment-large size-large\" alt=\"\" srcset=\"https:\/\/www.orbeconsultores.com\/pulso-ambiental\/wp-content\/uploads\/2026\/03\/ORBE-seminario-perfiles-6-819x1024.jpg 819w, https:\/\/www.orbeconsultores.com\/pulso-ambiental\/wp-content\/uploads\/2026\/03\/ORBE-seminario-perfiles-6-240x300.jpg 240w, https:\/\/www.orbeconsultores.com\/pulso-ambiental\/wp-content\/uploads\/2026\/03\/ORBE-seminario-perfiles-6-768x960.jpg 768w, https:\/\/www.orbeconsultores.com\/pulso-ambiental\/wp-content\/uploads\/2026\/03\/ORBE-seminario-perfiles-6-675x844.jpg 675w, https:\/\/www.orbeconsultores.com\/pulso-ambiental\/wp-content\/uploads\/2026\/03\/ORBE-seminario-perfiles-6.jpg 1081w\" sizes=\"(max-width: 819px) 100vw, 819px\" \/><\/a>\n\t\t\t<\/dt><\/dl><dl class='gallery-item'>\n\t\t\t<dt class='gallery-icon portrait'>\n\t\t\t\t<a data-elementor-open-lightbox=\"yes\" data-elementor-lightbox-slideshow=\"e95e5c2\" data-elementor-lightbox-title=\"ORBE-seminario-perfiles- (4)\" data-e-action-hash=\"#elementor-action%3Aaction%3Dlightbox%26settings%3DeyJpZCI6MzU2OCwidXJsIjoiaHR0cHM6XC9cL3d3dy5vcmJlY29uc3VsdG9yZXMuY29tXC9wdWxzby1hbWJpZW50YWxcL3dwLWNvbnRlbnRcL3VwbG9hZHNcLzIwMjZcLzAzXC9PUkJFLXNlbWluYXJpby1wZXJmaWxlcy00LmpwZyIsInNsaWRlc2hvdyI6ImU5NWU1YzIifQ%3D%3D\" href=\"https:\/\/www.orbeconsultores.com\/pulso-ambiental\/wp-content\/uploads\/2026\/03\/ORBE-seminario-perfiles-4.jpg\"><img decoding=\"async\" width=\"819\" height=\"1024\" src=\"https:\/\/www.orbeconsultores.com\/pulso-ambiental\/wp-content\/uploads\/2026\/03\/ORBE-seminario-perfiles-4-819x1024.jpg\" class=\"attachment-large size-large\" alt=\"\" srcset=\"https:\/\/www.orbeconsultores.com\/pulso-ambiental\/wp-content\/uploads\/2026\/03\/ORBE-seminario-perfiles-4-819x1024.jpg 819w, https:\/\/www.orbeconsultores.com\/pulso-ambiental\/wp-content\/uploads\/2026\/03\/ORBE-seminario-perfiles-4-240x300.jpg 240w, https:\/\/www.orbeconsultores.com\/pulso-ambiental\/wp-content\/uploads\/2026\/03\/ORBE-seminario-perfiles-4-768x960.jpg 768w, https:\/\/www.orbeconsultores.com\/pulso-ambiental\/wp-content\/uploads\/2026\/03\/ORBE-seminario-perfiles-4-675x844.jpg 675w, https:\/\/www.orbeconsultores.com\/pulso-ambiental\/wp-content\/uploads\/2026\/03\/ORBE-seminario-perfiles-4.jpg 1081w\" sizes=\"(max-width: 819px) 100vw, 819px\" \/><\/a>\n\t\t\t<\/dt><\/dl><br style=\"clear: both\" \/>\n\t\t<\/div>\n\t\t<\/div>\n\t\t\t\t<\/div>\n\t\t\t\t<\/div>\n\t\t\t\t\t<\/div>\n\t\t\t\t<\/div>\n\t\t\t\t\t\t\t<\/div>\n\t\t","protected":false},"excerpt":{"rendered":"<p>Escrito por Javiera Pizzoleo El pr\u00f3ximo 26 de marzo de 2026 se llevar\u00e1 a cabo el\u202fseminario &#8220;Arqueolog\u00eda y Paleontolog\u00eda frente a los proyectos de Miner\u00eda, Energ\u00eda, Infraestructura e Industria en Chile&#8221;.\u202fEste encuentro, organizado por ORBE Ambiental &amp; Legal, surge en un momento donde la gesti\u00f3n de restos materiales se ha vuelto un factor determinante para [&hellip;]<\/p>\n","protected":false},"author":4,"featured_media":3567,"comment_status":"open","ping_status":"open","sticky":false,"template":"","format":"standard","meta":{"footnotes":""},"categories":[51],"tags":[434,383,54,563,461],"class_list":["post-3565","post","type-post","status-publish","format-standard","has-post-thumbnail","hentry","category-pulso-ambiental","tag-ambiental","tag-arqueologia-2","tag-orbe","tag-paleontologia-2","tag-seminario"],"_links":{"self":[{"href":"https:\/\/www.orbeconsultores.com\/pulso-ambiental\/wp-json\/wp\/v2\/posts\/3565","targetHints":{"allow":["GET"]}}],"collection":[{"href":"https:\/\/www.orbeconsultores.com\/pulso-ambiental\/wp-json\/wp\/v2\/posts"}],"about":[{"href":"https:\/\/www.orbeconsultores.com\/pulso-ambiental\/wp-json\/wp\/v2\/types\/post"}],"author":[{"embeddable":true,"href":"https:\/\/www.orbeconsultores.com\/pulso-ambiental\/wp-json\/wp\/v2\/users\/4"}],"replies":[{"embeddable":true,"href":"https:\/\/www.orbeconsultores.com\/pulso-ambiental\/wp-json\/wp\/v2\/comments?post=3565"}],"version-history":[{"count":28,"href":"https:\/\/www.orbeconsultores.com\/pulso-ambiental\/wp-json\/wp\/v2\/posts\/3565\/revisions"}],"predecessor-version":[{"id":3599,"href":"https:\/\/www.orbeconsultores.com\/pulso-ambiental\/wp-json\/wp\/v2\/posts\/3565\/revisions\/3599"}],"wp:featuredmedia":[{"embeddable":true,"href":"https:\/\/www.orbeconsultores.com\/pulso-ambiental\/wp-json\/wp\/v2\/media\/3567"}],"wp:attachment":[{"href":"https:\/\/www.orbeconsultores.com\/pulso-ambiental\/wp-json\/wp\/v2\/media?parent=3565"}],"wp:term":[{"taxonomy":"category","embeddable":true,"href":"https:\/\/www.orbeconsultores.com\/pulso-ambiental\/wp-json\/wp\/v2\/categories?post=3565"},{"taxonomy":"post_tag","embeddable":true,"href":"https:\/\/www.orbeconsultores.com\/pulso-ambiental\/wp-json\/wp\/v2\/tags?post=3565"}],"curies":[{"name":"wp","href":"https:\/\/api.w.org\/{rel}","templated":true}]}}