{"id":4244,"date":"2026-09-01T15:56:43","date_gmt":"2026-09-01T18:56:43","guid":{"rendered":"https:\/\/www.orbeconsultores.com\/pulso-ambiental\/?p=4244"},"modified":"2026-09-01T16:02:10","modified_gmt":"2026-09-01T19:02:10","slug":"orbe-en-bosques-de-bolsillo-tres-anos-sembrando-comunidad-naturaleza-y-futuro","status":"publish","type":"post","link":"https:\/\/www.orbeconsultores.com\/pulso-ambiental\/2026\/09\/01\/orbe-en-bosques-de-bolsillo-tres-anos-sembrando-comunidad-naturaleza-y-futuro\/","title":{"rendered":"ORBE en Bosques de Bolsillo: tres a\u00f1os sembrando comunidad, naturaleza y futuro"},"content":{"rendered":"\t\t<div data-elementor-type=\"wp-post\" data-elementor-id=\"4244\" class=\"elementor elementor-4244\">\n\t\t\t\t\t\t\t<div class=\"elementor-element elementor-element-61d2e2b3 e-flex e-con-boxed e-con e-parent\" data-id=\"61d2e2b3\" data-element_type=\"container\" data-settings=\"{&quot;content_width&quot;:&quot;boxed&quot;}\" data-core-v316-plus=\"true\">\n\t\t\t\t\t<div class=\"e-con-inner\">\n\t\t\t\t<div class=\"elementor-element elementor-element-256b95be elementor-widget elementor-widget-text-editor\" data-id=\"256b95be\" data-element_type=\"widget\" data-widget_type=\"text-editor.default\">\n\t\t\t\t<div class=\"elementor-widget-container\">\n\t\t\t<style>\/*! elementor - v3.18.0 - 20-12-2023 *\/\n.elementor-widget-text-editor.elementor-drop-cap-view-stacked .elementor-drop-cap{background-color:#69727d;color:#fff}.elementor-widget-text-editor.elementor-drop-cap-view-framed .elementor-drop-cap{color:#69727d;border:3px solid;background-color:transparent}.elementor-widget-text-editor:not(.elementor-drop-cap-view-default) .elementor-drop-cap{margin-top:8px}.elementor-widget-text-editor:not(.elementor-drop-cap-view-default) .elementor-drop-cap-letter{width:1em;height:1em}.elementor-widget-text-editor .elementor-drop-cap{float:left;text-align:center;line-height:1;font-size:50px}.elementor-widget-text-editor .elementor-drop-cap-letter{display:inline-block}<\/style>\t\t\t\t<!-- wp:paragraph -->\n<p>El programa <strong>Bosques de Bolsillo<\/strong>, impulsado por el Gobierno de Santiago, lleg\u00f3 oficialmente a su cierre durante este 2026, dejando un importante legado de participaci\u00f3n ciudadana, educaci\u00f3n ambiental y recuperaci\u00f3n de espacios urbanos en distintas comunas de la Regi\u00f3n Metropolitana. Durante este proceso, <a href=\"http:\/\/orbeconsultores.com\"><strong>ORBE Ambiental &amp; Legal<\/strong><\/a>, a trav\u00e9s de su \u00c1rea de Comunidades, acompa\u00f1\u00f3 durante m\u00e1s de tres a\u00f1os el desarrollo de esta iniciativa, contribuyendo a fortalecer el v\u00ednculo entre las personas y su entorno natural.<\/p>\n<p>\u00a0<\/p>\n<!-- \/wp:paragraph --><!-- wp:paragraph -->\n<p>La iniciativa permiti\u00f3 la creaci\u00f3n de peque\u00f1os ecosistemas nativos mediante el m\u00e9todo Miyawaki, una t\u00e9cnica de plantaci\u00f3n intensiva que favorece el crecimiento acelerado de \u00e1rboles y arbustos aut\u00f3ctonos, generando espacios que ayudan a enfrentar las altas temperaturas urbanas, mejorar la biodiversidad y fortalecer la calidad de vida de las comunidades. El programa contempl\u00f3 la implementaci\u00f3n de 33 bosques distribuidos en diferentes comunas de la Regi\u00f3n Metropolitana.\u00a0<\/p>\n<p>\u00a0<\/p>\n<p><img fetchpriority=\"high\" decoding=\"async\" class=\"wp-image-4245 size-full aligncenter\" src=\"https:\/\/www.orbeconsultores.com\/pulso-ambiental\/wp-content\/uploads\/2026\/09\/8-scaled.jpg\" alt=\"ORBE en Bosques de Bolsillo: tres a\u00f1os sembrando comunidad, naturaleza y futuro\n\" width=\"2560\" height=\"1180\" srcset=\"https:\/\/www.orbeconsultores.com\/pulso-ambiental\/wp-content\/uploads\/2026\/09\/8-scaled.jpg 2560w, https:\/\/www.orbeconsultores.com\/pulso-ambiental\/wp-content\/uploads\/2026\/09\/8-300x138.jpg 300w, https:\/\/www.orbeconsultores.com\/pulso-ambiental\/wp-content\/uploads\/2026\/09\/8-1024x472.jpg 1024w, https:\/\/www.orbeconsultores.com\/pulso-ambiental\/wp-content\/uploads\/2026\/09\/8-768x354.jpg 768w, https:\/\/www.orbeconsultores.com\/pulso-ambiental\/wp-content\/uploads\/2026\/09\/8-1536x708.jpg 1536w, https:\/\/www.orbeconsultores.com\/pulso-ambiental\/wp-content\/uploads\/2026\/09\/8-2048x944.jpg 2048w, https:\/\/www.orbeconsultores.com\/pulso-ambiental\/wp-content\/uploads\/2026\/09\/8-675x311.jpg 675w, https:\/\/www.orbeconsultores.com\/pulso-ambiental\/wp-content\/uploads\/2026\/09\/8-1400x645.jpg 1400w, https:\/\/www.orbeconsultores.com\/pulso-ambiental\/wp-content\/uploads\/2026\/09\/8-1920x885.jpg 1920w\" sizes=\"(max-width: 2560px) 100vw, 2560px\" \/><\/p>\n<!-- \/wp:paragraph --><!-- wp:paragraph -->\n<h3><strong>Tres a\u00f1os de trabajo junto a las comunidades<\/strong><\/h3>\n<p>\u00a0<\/p>\n<!-- \/wp:paragraph --><!-- wp:paragraph -->\n<p>Desde 2024, el \u00c1rea de Comunidades de ORBE asumi\u00f3 un rol activo en el desarrollo de talleres informativos, procesos de codise\u00f1o y actividades de participaci\u00f3n ciudadana que permitieron construir cada bosque junto a vecinos, organizaciones sociales, establecimientos educacionales y actores territoriales relevantes.<\/p>\n<p>\u00a0<\/p>\n<!-- \/wp:paragraph --><!-- wp:paragraph -->\n<p>La finalidad de estos talleres y conversatorios previos a las plantaciones de los bosques, eran acercar e informar acerca del bosque a los vecinos, para poder dise\u00f1ar el bosque en conjunto a la comunidad.<\/p>\n<p>\u00a0<\/p>\n<!-- \/wp:paragraph --><!-- wp:paragraph -->\n<p>Durante estos 3 a\u00f1os, el \u00e1rea de comunidades pudo participar en las diferentes plantaciones de la regi\u00f3n metropolitana, destacando comunas como Pudahuel, Renca, Maip\u00fa, Talagante y Mar\u00eda Pinto.<\/p>\n<p>\u00a0<\/p>\n<p><img decoding=\"async\" class=\"aligncenter wp-image-4252 size-large\" src=\"https:\/\/www.orbeconsultores.com\/pulso-ambiental\/wp-content\/uploads\/2026\/09\/2-Cerrillos-1024x575.jpg\" alt=\"ORBE en Bosques de Bolsillo: tres a\u00f1os sembrando comunidad, naturaleza y futuro\n\" width=\"1024\" height=\"575\" srcset=\"https:\/\/www.orbeconsultores.com\/pulso-ambiental\/wp-content\/uploads\/2026\/09\/2-Cerrillos-1024x575.jpg 1024w, https:\/\/www.orbeconsultores.com\/pulso-ambiental\/wp-content\/uploads\/2026\/09\/2-Cerrillos-300x169.jpg 300w, https:\/\/www.orbeconsultores.com\/pulso-ambiental\/wp-content\/uploads\/2026\/09\/2-Cerrillos-768x431.jpg 768w, https:\/\/www.orbeconsultores.com\/pulso-ambiental\/wp-content\/uploads\/2026\/09\/2-Cerrillos-1536x863.jpg 1536w, https:\/\/www.orbeconsultores.com\/pulso-ambiental\/wp-content\/uploads\/2026\/09\/2-Cerrillos-2048x1150.jpg 2048w, https:\/\/www.orbeconsultores.com\/pulso-ambiental\/wp-content\/uploads\/2026\/09\/2-Cerrillos-675x379.jpg 675w, https:\/\/www.orbeconsultores.com\/pulso-ambiental\/wp-content\/uploads\/2026\/09\/2-Cerrillos-1400x786.jpg 1400w, https:\/\/www.orbeconsultores.com\/pulso-ambiental\/wp-content\/uploads\/2026\/09\/2-Cerrillos-1920x1079.jpg 1920w\" sizes=\"(max-width: 1024px) 100vw, 1024px\" \/><\/p>\n<!-- \/wp:paragraph --><!-- wp:paragraph -->\n<p>Sin embargo, este a\u00f1o 2026 el proyecto lleg\u00f3 a su fin. Es por eso que <strong>Claudio Contreras<\/strong> y <strong>Mar\u00eda Ignacia Padilla<\/strong>, colaboradores del \u00c1rea de Comunidades de <strong>ORBE Ambiental &amp; Legal<\/strong>, compartieron algunas reflexiones sobre la experiencia y el impacto que tuvo esta iniciativa en los territorios donde fue implementada.<\/p>\n<p>\u00a0<\/p>\n<!-- \/wp:paragraph --><!-- wp:paragraph -->\n<h4><strong>\u00bfCu\u00e1les fueron los principales hitos del \u00c1rea de Comunidades durante estos tres a\u00f1os de trabajo en el proyecto Bosques de Bolsillo?<\/strong><\/h4>\n<p>\u00a0<\/p>\n<!-- \/wp:paragraph --><!-- wp:paragraph -->\n<p>Para el equipo, uno de los momentos m\u00e1s significativos fue la <strong>Plantaci\u00f3n Comunitaria de Cerrillos<\/strong>, que marc\u00f3 el inicio de las intervenciones desarrolladas por ORBE y destac\u00f3 por convocar a vecinos, estudiantes, organizaciones territoriales e instituciones de inclusi\u00f3n social en torno a un objetivo com\u00fan: recuperar espacios para la naturaleza y la comunidad.<\/p>\n<p>\u00a0<\/p>\n<!-- \/wp:paragraph --><!-- wp:paragraph -->\n<p>Otro hito relevante fue el <strong>Taller de Diagn\u00f3stico Comunitario de <a href=\"https:\/\/www.munitalagante.cl\/\" target=\"_blank\" rel=\"noopener\">Talagante<\/a><\/strong>, donde se aplic\u00f3 por primera vez una metodolog\u00eda de cartograf\u00eda colectiva que permiti\u00f3 a organizaciones ambientales y territoriales identificar espacios de valor socioambiental y rescatar la memoria comunitaria vinculada a la recuperaci\u00f3n de la ribera del r\u00edo Mapocho.<\/p>\n<p>\u00a0<\/p>\n<!-- \/wp:paragraph --><!-- wp:paragraph -->\n<p>La <strong>plantaci\u00f3n de <a href=\"https:\/\/www.mpinto.cl\/\" target=\"_blank\" rel=\"noopener\">Mar\u00eda Pinto<\/a><\/strong> tambi\u00e9n ocupa un lugar especial dentro de la experiencia del equipo. Adem\u00e1s de representar el cierre de las plantaciones comunitarias del programa, implic\u00f3 un importante desaf\u00edo log\u00edstico debido a la activa participaci\u00f3n de personas mayores y a la plantaci\u00f3n de cerca de 4.000 ejemplares de especies nativas.<\/p>\n<p>\u00a0<\/p>\n<p><img decoding=\"async\" class=\"aligncenter wp-image-4253 size-large\" src=\"https:\/\/www.orbeconsultores.com\/pulso-ambiental\/wp-content\/uploads\/2026\/09\/3-Talagante-2-768x1024.jpg\" alt=\"ORBE en Bosques de Bolsillo: tres a\u00f1os sembrando comunidad, naturaleza y futuro\n\" width=\"768\" height=\"1024\" srcset=\"https:\/\/www.orbeconsultores.com\/pulso-ambiental\/wp-content\/uploads\/2026\/09\/3-Talagante-2-768x1024.jpg 768w, https:\/\/www.orbeconsultores.com\/pulso-ambiental\/wp-content\/uploads\/2026\/09\/3-Talagante-2-225x300.jpg 225w, https:\/\/www.orbeconsultores.com\/pulso-ambiental\/wp-content\/uploads\/2026\/09\/3-Talagante-2-1152x1536.jpg 1152w, https:\/\/www.orbeconsultores.com\/pulso-ambiental\/wp-content\/uploads\/2026\/09\/3-Talagante-2-1536x2048.jpg 1536w, https:\/\/www.orbeconsultores.com\/pulso-ambiental\/wp-content\/uploads\/2026\/09\/3-Talagante-2-675x900.jpg 675w, https:\/\/www.orbeconsultores.com\/pulso-ambiental\/wp-content\/uploads\/2026\/09\/3-Talagante-2-1400x1867.jpg 1400w, https:\/\/www.orbeconsultores.com\/pulso-ambiental\/wp-content\/uploads\/2026\/09\/3-Talagante-2-scaled.jpg 1920w\" sizes=\"(max-width: 768px) 100vw, 768px\" \/><\/p>\n<!-- \/wp:paragraph --><!-- wp:paragraph -->\n<p>\u00a0<\/p>\n<p>Asimismo, los <strong>talleres de educaci\u00f3n ambiental y ciencia ciudadana realizados en establecimientos educacionales<\/strong> permitieron fortalecer el v\u00ednculo entre estudiantes, docentes y los nuevos bosques, generando una apropiaci\u00f3n temprana de estos espacios y promoviendo una mayor conciencia ambiental dentro de las comunidades escolares.<\/p>\n<p>\u00a0<\/p>\n<!-- \/wp:paragraph --><!-- wp:paragraph -->\n<p>Finalmente, el equipo destaca la creaci\u00f3n de los <strong>\u201cGuardianes del Bosque\u201d<\/strong>, grupos conformados por vecinos y vecinas comprometidos con el cuidado y seguimiento de los bosques plantados. Esta iniciativa permiti\u00f3 proyectar en el tiempo el v\u00ednculo entre la comunidad y estos nuevos espacios verdes.<\/p>\n<p>\u00a0<\/p>\n<!-- \/wp:paragraph --><!-- wp:paragraph -->\n<h4><strong>\u00bfCu\u00e1l consideran que fue el aporte m\u00e1s significativo de ORBE al proyecto?<\/strong><\/h4>\n<p>\u00a0<\/p>\n<!-- \/wp:paragraph --><!-- wp:paragraph -->\n<p>Seg\u00fan destacan Claudio Contreras y Mar\u00eda Ignacia Padilla, el principal aporte de ORBE fue poner a disposici\u00f3n su experiencia t\u00e9cnica y territorial para apoyar la planificaci\u00f3n, coordinaci\u00f3n, gesti\u00f3n y acompa\u00f1amiento de los procesos participativos desarrollados durante la implementaci\u00f3n de los bosques de bolsillo en las comunas asignadas.<\/p>\n<p>\u00a0<\/p>\n<!-- \/wp:paragraph --><!-- wp:paragraph -->\n<p>En particular, el \u00c1rea de Comunidades contribuy\u00f3 a fortalecer el relacionamiento con los distintos actores locales, facilitando espacios de di\u00e1logo, aprendizaje y construcci\u00f3n colectiva que permitieron que cada bosque respondiera a las caracter\u00edsticas y necesidades propias de cada territorio.<\/p>\n<p>\u00a0<\/p>\n<!-- \/wp:paragraph --><!-- wp:paragraph -->\n<h4><strong>Si tuvieran que definir su participaci\u00f3n en Bosques de Bolsillo en una frase, \u00bfcu\u00e1l ser\u00eda?<\/strong><\/h4>\n<p>\u00a0<\/p>\n<!-- \/wp:paragraph --><!-- wp:paragraph -->\n<blockquote>\n<p><em>&#8220;Desde el \u00c1rea de Comunidades de ORBE acompa\u00f1amos a la comunidad ampliada en la creaci\u00f3n y vinculaci\u00f3n de los nuevos Bosques de Bolsillo en la Regi\u00f3n Metropolitana, contribuyendo a mejorar la calidad de vida de las personas mediante Soluciones Basadas en la Naturaleza&#8221;.<\/em><\/p>\n<\/blockquote>\n<p>\u00a0<\/p>\n<!-- \/wp:paragraph --><!-- wp:paragraph -->\n<p>Tras m\u00e1s de tres a\u00f1os de trabajo colaborativo, el programa deja un importante legado ambiental y comunitario. M\u00e1s all\u00e1 de los \u00e1rboles plantados, Bosques de Bolsillo logr\u00f3 generar espacios de encuentro, aprendizaje y participaci\u00f3n ciudadana que seguir\u00e1n creciendo junto con cada uno de los bosques establecidos en la Regi\u00f3n Metropolitana.<\/p>\n<p>\u00a0<\/p>\n<p><img loading=\"lazy\" decoding=\"async\" class=\"aligncenter wp-image-4258 size-large\" src=\"https:\/\/www.orbeconsultores.com\/pulso-ambiental\/wp-content\/uploads\/2026\/09\/6-1024x576.jpg\" alt=\"ORBE en Bosques de Bolsillo: tres a\u00f1os sembrando comunidad, naturaleza y futuro\n\" width=\"1024\" height=\"576\" srcset=\"https:\/\/www.orbeconsultores.com\/pulso-ambiental\/wp-content\/uploads\/2026\/09\/6-1024x576.jpg 1024w, https:\/\/www.orbeconsultores.com\/pulso-ambiental\/wp-content\/uploads\/2026\/09\/6-300x169.jpg 300w, https:\/\/www.orbeconsultores.com\/pulso-ambiental\/wp-content\/uploads\/2026\/09\/6-768x432.jpg 768w, https:\/\/www.orbeconsultores.com\/pulso-ambiental\/wp-content\/uploads\/2026\/09\/6-1536x864.jpg 1536w, https:\/\/www.orbeconsultores.com\/pulso-ambiental\/wp-content\/uploads\/2026\/09\/6-2048x1153.jpg 2048w, https:\/\/www.orbeconsultores.com\/pulso-ambiental\/wp-content\/uploads\/2026\/09\/6-675x380.jpg 675w, https:\/\/www.orbeconsultores.com\/pulso-ambiental\/wp-content\/uploads\/2026\/09\/6-1400x788.jpg 1400w, https:\/\/www.orbeconsultores.com\/pulso-ambiental\/wp-content\/uploads\/2026\/09\/6-1920x1080.jpg 1920w\" sizes=\"(max-width: 1024px) 100vw, 1024px\" \/><\/p>\n<!-- \/wp:paragraph -->\t\t\t\t\t\t<\/div>\n\t\t\t\t<\/div>\n\t\t\t\t\t<\/div>\n\t\t\t\t<\/div>\n\t\t\t\t\t\t\t<\/div>\n\t\t","protected":false},"excerpt":{"rendered":"<p>Tras m\u00e1s de tres a\u00f1os de trabajo, el programa Bosques de Bolsillo culmina dejando un importante legado ambiental y comunitario en la Regi\u00f3n Metropolitana. ORBE Ambiental &#038; Legal particip\u00f3 activamente en procesos de participaci\u00f3n ciudadana, educaci\u00f3n ambiental y plantaciones comunitarias en diversas comunas. Entre los principales hitos destacan las intervenciones en Cerrillos, Talagante y Mar\u00eda Pinto, adem\u00e1s de la creaci\u00f3n de los Guardianes del Bosque. La iniciativa permiti\u00f3 fortalecer el v\u00ednculo entre las comunidades y la naturaleza mediante soluciones basadas en la naturaleza. Un proyecto que deja espacios verdes, aprendizaje colectivo y beneficios ambientales para las futuras generaciones.<\/p>\n","protected":false},"author":4,"featured_media":4245,"comment_status":"open","ping_status":"open","sticky":false,"template":"","format":"standard","meta":{"footnotes":""},"categories":[51],"tags":[],"class_list":["post-4244","post","type-post","status-publish","format-standard","has-post-thumbnail","hentry","category-pulso-ambiental"],"_links":{"self":[{"href":"https:\/\/www.orbeconsultores.com\/pulso-ambiental\/wp-json\/wp\/v2\/posts\/4244","targetHints":{"allow":["GET"]}}],"collection":[{"href":"https:\/\/www.orbeconsultores.com\/pulso-ambiental\/wp-json\/wp\/v2\/posts"}],"about":[{"href":"https:\/\/www.orbeconsultores.com\/pulso-ambiental\/wp-json\/wp\/v2\/types\/post"}],"author":[{"embeddable":true,"href":"https:\/\/www.orbeconsultores.com\/pulso-ambiental\/wp-json\/wp\/v2\/users\/4"}],"replies":[{"embeddable":true,"href":"https:\/\/www.orbeconsultores.com\/pulso-ambiental\/wp-json\/wp\/v2\/comments?post=4244"}],"version-history":[{"count":14,"href":"https:\/\/www.orbeconsultores.com\/pulso-ambiental\/wp-json\/wp\/v2\/posts\/4244\/revisions"}],"predecessor-version":[{"id":4270,"href":"https:\/\/www.orbeconsultores.com\/pulso-ambiental\/wp-json\/wp\/v2\/posts\/4244\/revisions\/4270"}],"wp:featuredmedia":[{"embeddable":true,"href":"https:\/\/www.orbeconsultores.com\/pulso-ambiental\/wp-json\/wp\/v2\/media\/4245"}],"wp:attachment":[{"href":"https:\/\/www.orbeconsultores.com\/pulso-ambiental\/wp-json\/wp\/v2\/media?parent=4244"}],"wp:term":[{"taxonomy":"category","embeddable":true,"href":"https:\/\/www.orbeconsultores.com\/pulso-ambiental\/wp-json\/wp\/v2\/categories?post=4244"},{"taxonomy":"post_tag","embeddable":true,"href":"https:\/\/www.orbeconsultores.com\/pulso-ambiental\/wp-json\/wp\/v2\/tags?post=4244"}],"curies":[{"name":"wp","href":"https:\/\/api.w.org\/{rel}","templated":true}]}}