{"id":859,"date":"2024-02-28T10:06:26","date_gmt":"2024-02-28T13:06:26","guid":{"rendered":"https:\/\/www.orbeconsultores.com\/pulso-ambiental\/?p=859"},"modified":"2024-02-29T14:49:20","modified_gmt":"2024-02-29T17:49:20","slug":"tribunal-ambiental-frena-megaproyecto-de-data-center-de-google-en-cerrillos-y-pide-incorporar-efectos-de-cambio-climatico","status":"publish","type":"post","link":"https:\/\/www.orbeconsultores.com\/pulso-ambiental\/2024\/02\/28\/tribunal-ambiental-frena-megaproyecto-de-data-center-de-google-en-cerrillos-y-pide-incorporar-efectos-de-cambio-climatico\/","title":{"rendered":"Tribunal Ambiental frena megaproyecto de data center de Google en Cerrillos y pide incorporar efectos de cambio clim\u00e1tico"},"content":{"rendered":"\t\t<div data-elementor-type=\"wp-post\" data-elementor-id=\"859\" class=\"elementor elementor-859\">\n\t\t\t\t\t\t\t<div class=\"elementor-element elementor-element-6c9187dd e-flex e-con-boxed e-con e-parent\" data-id=\"6c9187dd\" data-element_type=\"container\" data-settings=\"{&quot;content_width&quot;:&quot;boxed&quot;}\" data-core-v316-plus=\"true\">\n\t\t\t\t\t<div class=\"e-con-inner\">\n\t\t\t\t<div class=\"elementor-element elementor-element-5e7d1bc1 elementor-widget elementor-widget-text-editor\" data-id=\"5e7d1bc1\" data-element_type=\"widget\" data-widget_type=\"text-editor.default\">\n\t\t\t\t<div class=\"elementor-widget-container\">\n\t\t\t<style>\/*! elementor - v3.18.0 - 20-12-2023 *\/\n.elementor-widget-text-editor.elementor-drop-cap-view-stacked .elementor-drop-cap{background-color:#69727d;color:#fff}.elementor-widget-text-editor.elementor-drop-cap-view-framed .elementor-drop-cap{color:#69727d;border:3px solid;background-color:transparent}.elementor-widget-text-editor:not(.elementor-drop-cap-view-default) .elementor-drop-cap{margin-top:8px}.elementor-widget-text-editor:not(.elementor-drop-cap-view-default) .elementor-drop-cap-letter{width:1em;height:1em}.elementor-widget-text-editor .elementor-drop-cap{float:left;text-align:center;line-height:1;font-size:50px}.elementor-widget-text-editor .elementor-drop-cap-letter{display:inline-block}<\/style>\t\t\t\t<p><!-- wp:paragraph --><\/p>\n<p>El Segundo Tribunal Ambiental acogi\u00f3 parcialmente la reclamaci\u00f3n presentada contra la aprobaci\u00f3n del megaproyecto de data center que Google Chile pretende levantar en la comuna de Cerrillos, y orden\u00f3 al Servicio de Evaluaci\u00f3n Ambiental (SEA) retrotraer el procedimiento de evaluaci\u00f3n de la iniciativa.<\/p>\n<p>\u00a0<\/p>\n<p>Lo anterior, con el objetivo de incorporar la consideraci\u00f3n de los efectos del cambio clim\u00e1tico en la evaluaci\u00f3n del componente h\u00eddrico.<\/p>\n<p>\u00a0<\/p>\n<p>&#8220;De acuerdo con todo lo razonado en la sentencia, se concluye que tanto la RCA del proyecto como la Resoluci\u00f3n Exenta N\u00b0 524\/2020, de la Direcci\u00f3n Ejecutiva del SEA, incurren en ilegalidad, en relaci\u00f3n con la falta de antecedentes que justifiquen la inexistencia de impactos significativos sobre el Acu\u00edfero Santiago Central, lo cual a su vez incide en las condiciones o exigencias dispuestas, as\u00ed como en los compromisos ambientales voluntarios&#8221;, indica la sentencia.<\/p>\n<p>\u00a0<\/p>\n<p>El fallo del Tribunal anula parcialmente la resoluci\u00f3n de calificaci\u00f3n ambiental del proyecto, y especifica que, luego de retrotraer el procedimiento de evaluaci\u00f3n del proyecto, el SEA deber\u00e1 dictar un nuevo Icsara (informe que consolida las consultas, aclaraciones o rectificaciones solicitadas por los servicios p\u00fablicos con competencia ambiental al titular del proyecto) para que el titular presente una nueva Adenda, que considere el potencial efecto del cambio clim\u00e1tico.<\/p>\n<p>\u00a0<\/p>\n<p>Por otro lado, el Servicio tendr\u00e1 que requerir el pronunciamiento de los organismos p\u00fablicos con competencia ambiental involucrados, dictar un nuevo ICE (Informe Consolidado de Evaluaci\u00f3n) y proceder a una calificaci\u00f3n que complemente la RCA en los aspectos antes indicados.<\/p>\n<p>\u00a0<\/p>\n<p>Finalmente, el Tribunal suspendi\u00f3 los efectos de la parte no anulada por todo el tiempo que dure la evaluaci\u00f3n ambiental de la parte viciada, hasta la dictaci\u00f3n de la RCA complementaria. \u201cDe esta forma, el proyecto no puede ser ejecutado hasta no contar con esta \u00faltima resoluci\u00f3n\u201d, recalca el fallo.<\/p>\n<p>\u00a0<\/p>\n<h2>Los reclamantes<\/h2>\n<p>En contra de la aprobaci\u00f3n del proyecto se presentaron dos reclamaciones ante el Segundo Tribunal Ambiental: la primera por un grupo de 14 vecinos de Cerrillos, mientras que la segunda por la Municipalidad. En el transcurso del proceso, la Municipalidad desisti\u00f3 de su acci\u00f3n legal, al igual que 13 de los otros reclamantes. As\u00ed, la acci\u00f3n fue continuada solo por una vecina.<\/p>\n<p>\u00a0<\/p>\n<p>En ambos casos, la raz\u00f3n del desistimiento se bas\u00f3 en que el proyecto declar\u00f3 p\u00fablicamente que ya no utilizar\u00eda agua como m\u00e9todo para enfriar los servidores.<\/p>\n<p>\u00a0<\/p>\n<p>En febrero de 2022, la empresa present\u00f3 al SEA una consulta de pertinencia de ingreso al Sistema de Evaluaci\u00f3n de Impacto Ambiental (SEIA) del proyecto &#8220;Modificaci\u00f3n del Proyecto &#8216;Cerrillos Data Center'&#8221;, la cual consiste en reemplazar las torres de enfriamiento en base a agua por enfriadoras de condensaci\u00f3n por aire, lo cual derivar\u00eda en la eliminaci\u00f3n del consumo de agua subterr\u00e1nea respecto de los tres pozos del Acu\u00edfero Santiago Central sobre los cuales cuenta con derechos de aprovechamiento de aguas.<\/p>\n<p>\u00a0<\/p>\n<p>Respecto de este \u00faltimo punto, la sentencia explica que, si bien el SEA determin\u00f3 que el cambio en el sistema de enfriamiento de los servidores no requiere ingresar obligatoriamente al SEIA previo a su ejecuci\u00f3n, este pronunciamiento no resulta vinculante para la evaluaci\u00f3n ambiental del proyecto original.<\/p>\n<p>\u00a0<\/p>\n<p>Por esta raz\u00f3n, el an\u00e1lisis del Tribunal se centr\u00f3 en los efectos del uso de agua para enfriamiento y su impacto en el recurso h\u00eddrico.<\/p>\n<p>\u00a0<\/p>\n<h2>El Proyecto<\/h2>\n<p>\u00a0<\/p>\n<p>El data center que Google planea levantar en Cerrillos contempla una inversi\u00f3n de US$200 millones.<\/p>\n<p>\u00a0<\/p>\n<p>Es, a todas luces, uno de los proyectos m\u00e1s grandes de la gigante de la tecnolog\u00eda en nuestro pa\u00eds. La iniciativa contempla una vida \u00fatil de 25 a\u00f1os y busca erigirse en un terreno bald\u00edo con una superficie de 23 hect\u00e1reas.<\/p>\n<p>\u00a0<\/p>\n<p>\u00a0<\/p>\n<p><!-- \/wp:paragraph --><!-- wp:paragraph --><\/p>\n<p>Fuente:\u00a0<a style=\"font-family: var( --e-global-typography-text-font-family ), Sans-serif; font-weight: var( --e-global-typography-text-font-weight ); text-align: var(--text-align); letter-spacing: 0px;\" href=\"https:\/\/www.emol.com\/noticias\/Economia\/2024\/02\/27\/1123008\/tribunal-ambiental-data-center.html\" target=\"_blank\" rel=\"noopener\">EMOL<\/a><\/p>\n<p><!-- \/wp:paragraph --><\/p>\t\t\t\t\t\t<\/div>\n\t\t\t\t<\/div>\n\t\t\t\t\t<\/div>\n\t\t\t\t<\/div>\n\t\t\t\t\t\t\t<\/div>\n\t\t","protected":false},"excerpt":{"rendered":"<p>El Segundo Tribunal Ambiental acogi\u00f3 parcialmente la reclamaci\u00f3n presentada contra la aprobaci\u00f3n del megaproyecto de data center que Google Chile pretende levantar en la comuna de Cerrillos, y orden\u00f3 al Servicio de Evaluaci\u00f3n Ambiental (SEA) retrotraer el procedimiento de evaluaci\u00f3n de la iniciativa. \u00a0 Lo anterior, con el objetivo de incorporar la consideraci\u00f3n de los [&hellip;]<\/p>\n","protected":false},"author":4,"featured_media":874,"comment_status":"open","ping_status":"open","sticky":false,"template":"","format":"standard","meta":{"footnotes":""},"categories":[51],"tags":[117,118,115,119,116],"class_list":["post-859","post","type-post","status-publish","format-standard","has-post-thumbnail","hentry","category-pulso-ambiental","tag-cerrillos","tag-efectos-climaticos","tag-google","tag-servicio-evaluacion-ambiental","tag-tribunal-ambiental"],"_links":{"self":[{"href":"https:\/\/www.orbeconsultores.com\/pulso-ambiental\/wp-json\/wp\/v2\/posts\/859","targetHints":{"allow":["GET"]}}],"collection":[{"href":"https:\/\/www.orbeconsultores.com\/pulso-ambiental\/wp-json\/wp\/v2\/posts"}],"about":[{"href":"https:\/\/www.orbeconsultores.com\/pulso-ambiental\/wp-json\/wp\/v2\/types\/post"}],"author":[{"embeddable":true,"href":"https:\/\/www.orbeconsultores.com\/pulso-ambiental\/wp-json\/wp\/v2\/users\/4"}],"replies":[{"embeddable":true,"href":"https:\/\/www.orbeconsultores.com\/pulso-ambiental\/wp-json\/wp\/v2\/comments?post=859"}],"version-history":[{"count":16,"href":"https:\/\/www.orbeconsultores.com\/pulso-ambiental\/wp-json\/wp\/v2\/posts\/859\/revisions"}],"predecessor-version":[{"id":877,"href":"https:\/\/www.orbeconsultores.com\/pulso-ambiental\/wp-json\/wp\/v2\/posts\/859\/revisions\/877"}],"wp:featuredmedia":[{"embeddable":true,"href":"https:\/\/www.orbeconsultores.com\/pulso-ambiental\/wp-json\/wp\/v2\/media\/874"}],"wp:attachment":[{"href":"https:\/\/www.orbeconsultores.com\/pulso-ambiental\/wp-json\/wp\/v2\/media?parent=859"}],"wp:term":[{"taxonomy":"category","embeddable":true,"href":"https:\/\/www.orbeconsultores.com\/pulso-ambiental\/wp-json\/wp\/v2\/categories?post=859"},{"taxonomy":"post_tag","embeddable":true,"href":"https:\/\/www.orbeconsultores.com\/pulso-ambiental\/wp-json\/wp\/v2\/tags?post=859"}],"curies":[{"name":"wp","href":"https:\/\/api.w.org\/{rel}","templated":true}]}}